{"id":15022,"date":"2020-12-23T10:37:51","date_gmt":"2020-12-23T16:37:51","guid":{"rendered":"http:\/\/bambapolitica.com.mx\/?p=15022"},"modified":"2020-12-23T10:37:52","modified_gmt":"2020-12-23T16:37:52","slug":"valle-de-chalco-alcalde-invita-a-la-ciudadania-a-ser-responsables-ante-el-covid-19","status":"publish","type":"post","link":"https:\/\/bambapolitica.com.mx\/index.php\/2020\/12\/23\/valle-de-chalco-alcalde-invita-a-la-ciudadania-a-ser-responsables-ante-el-covid-19\/","title":{"rendered":"Valle de Chalco; Alcalde invita a la ciudadan\u00eda a ser responsables ante el Covid- 19"},"content":{"rendered":"\n<p>La pandemia aun no termina, y debemos cuidarnos: Armando Garc\u00eda.<\/p>\n\n\n\n<p>El Presidente Municipal de Valle de Chalco Solidaridad, Armando Garc\u00eda M\u00e9ndez, envi\u00f3 un mensaje a la ciudadan\u00eda con motivo de las reuniones familiares de fin a\u00f1o, donde exhorta a no bajar la guardia y seguir con la estricta aplicaci\u00f3n de las medidas de sanidad e higiene como medios efectivos que permitan detener el ritmo de contagios de covid-19 durante esta temporada invernal.<\/p>\n\n\n\n<p>Adem\u00e1s, el edil se\u00f1al\u00f3 que \u201cla pandemia por covid-19 sigue y todav\u00eda no termina, y el sem\u00e1foro epidemiol\u00f3gico se encuentra en color rojo\u201d.<br>Por lo que invit\u00f3 a las familias de Valle de Chalco a actuar con disciplina, generosidad y solidaridad, pues advirti\u00f3 \u201cel covid-19 es m\u00e1s agresivo en la temporada invernal, y por tal motivo debemos estar alertas, e informarnos por los medios oficiales de su evoluci\u00f3n\u201d.<\/p>\n\n\n\n<p>\u201cNo debemos alarmarnos, al contrario, es momento de ser m\u00e1s responsables y seguir cuid\u00e1ndonos entre todas y todos\u201d, aconsej\u00f3 el Ejecutivo local que insisti\u00f3 en la importancia de utilizar correctamente el cubrebocas, usar gel antibacterial, no acudir a lugares concurridos, guardar la sana distancia, e intentar permanecer el mayor tiempo posible en casa.<br>La observaci\u00f3n de estas medidas sanitarias elementales, sumadas al cumplimiento de las \u00faltimas disposiciones que el Poder Ejecutivo del Estado dict\u00f3 el 18 de diciembre, han servido para no detener la recuperaci\u00f3n econ\u00f3mica local, sin arriesgar la salud de trabajadores y clientes.<\/p>\n\n\n\n<p>Las reuniones con motivo de fin de a\u00f1o, solicit\u00f3 a los vecinos \u201cno olvidar que estamos en pandemia, y que atravesamos por una temporada de riesgo m\u00e1ximo, que nos obliga a no relajar las medidas establecidas por el sector salud con el prop\u00f3sito de cerrar el paso a la enfermedad\u201d.<\/p>\n\n\n\n<p>\u201cReconocemos que todas y todos, sienten una enorme necesidad de reunirse con sus familias, y celebrar estas fechas especiales rodeados de los Abuelos, Pap\u00e1, Mam\u00e1, y hermanos; sin embargo, recordemos que el virus ataca principalmente a los adultos mayores, y que es nuestra responsabilidad no exponerlos al contagio; seamos generosos con ellos y protejamos su salud durante esta temporada invernal\u201d, aconsej\u00f3 Armando Garc\u00eda.<\/p>\n\n\n\n<figure class=\"wp-block-video\"><video controls src=\"https:\/\/bambapolitica.com.mx\/wp-content\/uploads\/2020\/12\/wp-1608671553451.mp4\"><\/video><\/figure>\n\n\n\n<p>Antes de concluir, el alcalde envi\u00f3 un abrazo fraterno a todas a las familias vallechalquenses. \u201cEn lo personal, y a nombre de todos los que integramos la Administraci\u00f3n 2019-2021, les deseamos que esta \u00e9poca sea oportuna para estrechar los lazos de fraternidad, unidad, y que tengan un c\u00famulo de parabienes\u201d.<\/p>\n\n\n\n<p>Finaliz\u00f3 su mensaje navide\u00f1o, mediante un exhorto a la poblaci\u00f3n para celebrar las fiestas navide\u00f1as con responsabilidad, y \u201csin arriesgar la salud de nadie, al tiempo que se sigamos cuid\u00e1ndonos entre todas y todos\u201d.<\/p>\n","protected":false},"excerpt":{"rendered":"<p>La pandemia aun no termina, y debemos cuidarnos: Armando Garc\u00eda. El Presidente Municipal de Valle&#8230;<\/p>\n","protected":false},"author":4,"featured_media":0,"comment_status":"closed","ping_status":"closed","sticky":false,"template":"","format":"standard","meta":{"footnotes":""},"categories":[4],"tags":[],"class_list":["post-15022","post","type-post","status-publish","format-standard","hentry","category-noticias-del-dia"],"_links":{"self":[{"href":"https:\/\/bambapolitica.com.mx\/index.php\/wp-json\/wp\/v2\/posts\/15022","targetHints":{"allow":["GET"]}}],"collection":[{"href":"https:\/\/bambapolitica.com.mx\/index.php\/wp-json\/wp\/v2\/posts"}],"about":[{"href":"https:\/\/bambapolitica.com.mx\/index.php\/wp-json\/wp\/v2\/types\/post"}],"author":[{"embeddable":true,"href":"https:\/\/bambapolitica.com.mx\/index.php\/wp-json\/wp\/v2\/users\/4"}],"replies":[{"embeddable":true,"href":"https:\/\/bambapolitica.com.mx\/index.php\/wp-json\/wp\/v2\/comments?post=15022"}],"version-history":[{"count":1,"href":"https:\/\/bambapolitica.com.mx\/index.php\/wp-json\/wp\/v2\/posts\/15022\/revisions"}],"predecessor-version":[{"id":15025,"href":"https:\/\/bambapolitica.com.mx\/index.php\/wp-json\/wp\/v2\/posts\/15022\/revisions\/15025"}],"wp:attachment":[{"href":"https:\/\/bambapolitica.com.mx\/index.php\/wp-json\/wp\/v2\/media?parent=15022"}],"wp:term":[{"taxonomy":"category","embeddable":true,"href":"https:\/\/bambapolitica.com.mx\/index.php\/wp-json\/wp\/v2\/categories?post=15022"},{"taxonomy":"post_tag","embeddable":true,"href":"https:\/\/bambapolitica.com.mx\/index.php\/wp-json\/wp\/v2\/tags?post=15022"}],"curies":[{"name":"wp","href":"https:\/\/api.w.org\/{rel}","templated":true}]}}