{"id":15093,"date":"2020-12-24T19:45:34","date_gmt":"2020-12-25T01:45:34","guid":{"rendered":"http:\/\/bambapolitica.com.mx\/?p=15093"},"modified":"2020-12-24T19:45:35","modified_gmt":"2020-12-25T01:45:35","slug":"quien-sera-el-nuevo-presidente-del-ieem","status":"publish","type":"post","link":"https:\/\/bambapolitica.com.mx\/index.php\/2020\/12\/24\/quien-sera-el-nuevo-presidente-del-ieem\/","title":{"rendered":"\u00bfQui\u00e9n ser\u00e1 el nuevo presidente del IEEM?"},"content":{"rendered":"\n<p>La ley no se\u00f1ala expresamente el camino a seguir en el caso del fallecimiento de un consejero presidente.<\/p>\n\n\n\n<p>La ley no se\u00f1ala expresamente el camino a seguir en el caso del fallecimiento de un consejero presidente del Instituto Electoral del Estado de M\u00e9xico (IEEM). Ante el deceso anunciado hoy de Pedro Zamudio God\u00ednez, por obvias razones se recurre a la figura de ausencia definitiva y por tal debe ser sustituido de manera autom\u00e1tica por el secretario general, Javier L\u00f3pez Corral, como presidente interino.<\/p>\n\n\n\n<p>El C\u00f3digo Electoral de la entidad establece que el presidente interino entrar\u00e1 en caso que el presidente no se presente a las sesiones, pero no podr\u00e1 durar m\u00e1s de cinco d\u00edas al frente. Pasado este t\u00e9rmino se debe elegir a un presidente o presidenta sustituta por un plazo m\u00e1ximo de 15 d\u00edas. En este lapso, el secretario debe notificar formalmente al INE la ausencia definitiva del consejero presidente para que elija al nuevo presidente suplente de entre los integrantes del Consejo actual o convoque a un proceso de selecci\u00f3n de urgencia para ocupar este cargo. <\/p>\n\n\n\n<p>Corresponde al INE definir si el Consejo se queda por un tiempo sin un integrante y si el nuevo presidente o presidenta llega s\u00f3lo para terminar el periodo de Pedro Zamudio, hasta septiembre, o nombra por siete a\u00f1os al nuevo integrante, como lo establece la Ley General de Instituciones y Procedimientos Electorales. El abogado Javier Rivera Escalona, especialista en temas electorales, indic\u00f3 que el lamentable fallecimiento del consejero presidente no detiene el proceso electoral ni los trabajos de las comisiones, donde todos tienen perfectamente definidas sus funciones, as\u00ed como tampoco los plazos que contempla el calendario electoral recientemente aprobado.<\/p>\n\n\n\n<p> La pr\u00f3xima sesi\u00f3n a la cual se tiene convocados a los integrantes del Consejo y representantes de los partidos pol\u00edticos se desarrollar\u00e1 el 5 de enero, a las 12:00 horas, para el arranque formal del proceso y seguir con las actividades relacionadas con la renovaci\u00f3n de las 125 alcald\u00edas y el Congreso local. El secretario del instituto, Javier L\u00f3pez Corral, tienen varios a\u00f1os involucrado en procesos electorales y laborando para el Instituto en diversos cargos. <\/p>\n\n\n\n<p>En el Consejo General Electoral est\u00e1 el consejero Francisco Bello Corona y las consejeras Laura Daniela Dur\u00e1n Ceja y Sandra L\u00f3pez Bringas, electas hace dos a\u00f1os, adem\u00e1s de Paula Melgarejo Salgado, Patricia Lozano Sanabria y Karina Ivonne Vaquera Montoya, quienes fueron electas hace un par de meses como consejeras. Las consejeras y el integrante del Consejo General del IEEM tienen amplia carrera en el \u00e1mbito electoral, tanto en el INE, como en el IEEM y en el Tribunal Electoral. Por el caso, se\u00f1al\u00f3 el abogado, no se descarta alg\u00fan acuerdo urgente del INE, para que el proceso contin\u00fae su desarrollo.<\/p>\n\n\n\n<p>milenio<\/p>\n","protected":false},"excerpt":{"rendered":"<p>La ley no se\u00f1ala expresamente el camino a seguir en el caso del fallecimiento de&#8230;<\/p>\n","protected":false},"author":4,"featured_media":0,"comment_status":"closed","ping_status":"closed","sticky":false,"template":"","format":"standard","meta":{"footnotes":""},"categories":[4],"tags":[],"class_list":["post-15093","post","type-post","status-publish","format-standard","hentry","category-noticias-del-dia"],"_links":{"self":[{"href":"https:\/\/bambapolitica.com.mx\/index.php\/wp-json\/wp\/v2\/posts\/15093","targetHints":{"allow":["GET"]}}],"collection":[{"href":"https:\/\/bambapolitica.com.mx\/index.php\/wp-json\/wp\/v2\/posts"}],"about":[{"href":"https:\/\/bambapolitica.com.mx\/index.php\/wp-json\/wp\/v2\/types\/post"}],"author":[{"embeddable":true,"href":"https:\/\/bambapolitica.com.mx\/index.php\/wp-json\/wp\/v2\/users\/4"}],"replies":[{"embeddable":true,"href":"https:\/\/bambapolitica.com.mx\/index.php\/wp-json\/wp\/v2\/comments?post=15093"}],"version-history":[{"count":1,"href":"https:\/\/bambapolitica.com.mx\/index.php\/wp-json\/wp\/v2\/posts\/15093\/revisions"}],"predecessor-version":[{"id":15095,"href":"https:\/\/bambapolitica.com.mx\/index.php\/wp-json\/wp\/v2\/posts\/15093\/revisions\/15095"}],"wp:attachment":[{"href":"https:\/\/bambapolitica.com.mx\/index.php\/wp-json\/wp\/v2\/media?parent=15093"}],"wp:term":[{"taxonomy":"category","embeddable":true,"href":"https:\/\/bambapolitica.com.mx\/index.php\/wp-json\/wp\/v2\/categories?post=15093"},{"taxonomy":"post_tag","embeddable":true,"href":"https:\/\/bambapolitica.com.mx\/index.php\/wp-json\/wp\/v2\/tags?post=15093"}],"curies":[{"name":"wp","href":"https:\/\/api.w.org\/{rel}","templated":true}]}}