{"id":15096,"date":"2020-12-24T23:36:22","date_gmt":"2020-12-25T05:36:22","guid":{"rendered":"http:\/\/bambapolitica.com.mx\/?p=15096"},"modified":"2020-12-24T23:36:23","modified_gmt":"2020-12-25T05:36:23","slug":"se-comenta-solo-con-imprecisiones","status":"publish","type":"post","link":"https:\/\/bambapolitica.com.mx\/index.php\/2020\/12\/24\/se-comenta-solo-con-imprecisiones\/","title":{"rendered":"Se comenta solo con imprecisiones"},"content":{"rendered":"\n<p>Carlos Ramos Padilla<\/p>\n\n\n\n<p>Para fundamentar su ataque ma\u00f1anero contra esta nueva alianza (PAN, PRI, PRD) que se form\u00f3 para buscar un equilibrio pol\u00edtico en el legislativo y en los gobiernos estatales, amlo descans\u00f3 su argumento en evidentes imprecisiones con una abierta intenci\u00f3n de manipulaci\u00f3n.<\/p>\n\n\n\n<p>El Presidente Insisti\u00f3 que a estos partidos no les importan que los estudiantes pobres reciban becas, no soportan que se hable de atenci\u00f3n a medicamentos gratuitos y que se fortalezca la educaci\u00f3n p\u00fablica.<\/p>\n\n\n\n<p>\u201ces un agrupamiento conservador que quiere, como su nombre indica, conservar privilegios\u201d, y los identific\u00f3 como \u201cgrupos de intereses creados\u201d que antes \u201cno pagaban impuestos\u201d, hac\u00edan \u201cnegocios al amparo del poder\u201d o profesan el pensamiento conservador.<\/p>\n\n\n\n<p>&#8220;No aguantan, no soportan el que haya atenci\u00f3n a personas mayores, para ni\u00f1as y ni\u00f1os con discapacidad, que los estudiantes pobres reciban becas. Les molesta, aunque no se lleve a la pr\u00e1ctica porque hay muchos obst\u00e1culos, que se hable de atenci\u00f3n m\u00e9dica y medicamentos gratuitos, que se siga fortaleciendo la educaci\u00f3n p\u00fablica&#8221;, acus\u00f3 desde Palacio Nacional.<\/p>\n\n\n\n<p>Y estas afirmaciones son falsas. Por d\u00e9cadas nuestro pa\u00eds ha sido ejemplo y ha merecido reconocimiento por sus instituciones en beneficio de los grupos vulnerables. Bastar\u00eda con escuchar los pronunciamientos (por cierto personaje fiel y congruente con la izquierda que defend\u00eda) de Don Gilberto Rincon Gallardo para entender de qu\u00e9 estamos hablando. El IMSS, el ISSSTE, la CNDH, el CONAPRED, el INAPAM, el hospital de la ceguera, por s\u00f3lo mencionar un pu\u00f1ado, no fueron creadas por iniciativa y gesti\u00f3n de la 4aT.<\/p>\n\n\n\n<p>Es mentira que en este pa\u00eds \u201clos conservadores\u201d no est\u00e9n interesados en auxiliar a ni\u00f1os y ni\u00f1as con discapacidad, ah\u00ed est\u00e1n los CRIT con apoyos millonarios de la iniciativa privada en atenci\u00f3n a la salud y regeneraci\u00f3n de los peque\u00f1itos que poseen habilidades distintas a los dem\u00e1s.<\/p>\n\n\n\n<p>Los estudiantes pobres no s\u00f3lo reciben becas, sino tambi\u00e9n educaci\u00f3n gratuita o desconocer el esfuerzo de la UNAM y el POLI en educaci\u00f3n superior ser\u00eda inadmisible. Adem\u00e1s instancias como el CONACYT, adscrito a la SEP, ha permitido que miles de j\u00f3venes emprendedores y con talento fortalezcan sus conocimientos en organismos, universidades y instituciones internacionales en el extranjero.<\/p>\n\n\n\n<p>Si habla de que los dem\u00e1s, no los suyos, \u201chan debilitado la atenci\u00f3n m\u00e9dica y los medicamentos gratuitos\u201d, nunca en la hist\u00f3rica contempor\u00e1nea se hab\u00eda observado tanta negligencia, corrupci\u00f3n y desbast\u00f3 para el sector salud que en la actual administraci\u00f3n.<\/p>\n\n\n\n<p>Ya es muy desgastante estar recordando la cantidad de pifias, ocurrencias y menosprecio que hemos visto para la atenci\u00f3n de la pandemia y ni\u00f1os con problemas oncol\u00f3gicos en etapa terminal para firmar el encubrimiento a tanto fracaso se\u00f1alando burlonamente que desde el primero de diciembre estamos a la altura de los servicios de pa\u00edses como Dinamarca.<\/p>\n\n\n\n<p>En el asunto de que estos \u201cconservadores\u201d no pagaban impuestos hay que asomarse a la lista de personajes beneficiados con indultos fiscales en donde, por ejemplo, est\u00e1 Yeidckol, su incondicional.<\/p>\n\n\n\n<p>Y eso de hacer negocios a la sombra del poder aun falta muchas explicaciones e investigaciones sobre P\u00edo o Felipa o Ebrard o Monreal o Gomez Urrutia o Bartlett. En relaci\u00f3n a la educaci\u00f3n p\u00fablica el descalabro, el descarrilamiento se ha venido dando desde que se borr\u00f3 a la Reforma Educativa (la dejar\u00e1n hasta sin comas) sin presentar planes, proyectos o estrategias alternas.<\/p>\n\n\n\n<p>Retiran a Esteban Moctezuma de la SEP ( que fue empleado del conservador Ricardo Salinas Pliego al presidir la Fundaci\u00f3n Azteca) y se impone a la candidata perdedora Delfina Gomez porque su atributo es haber sido maestra de primaria. En estos momentos la sra Sheinbaum ha tenido que recurrir al conservador Ing, Carlos Slim y su fundaci\u00f3n para recibir auxilio de instrumental m\u00e9dico, instalaciones y apoyo econ\u00f3mico por la pandemia y ante la ausencia de prevenciones y respeto a los protocolos internacionales vigentes.<\/p>\n\n\n\n<p>As\u00ed que los \u201cconservadores\u201d no son tan malos y recordemos que amlo como presidente del PRI en Tabasco, all\u00e0 por los setentas no s\u00f3lo compuso el himno del partido pol\u00edtico sino que defend\u00eda a las instituciones p\u00fablicas que brindaban asistencia social a los m\u00e1s pobres o ya se nos olvid\u00f3? Y que conste que es pregunta<br>*Conductor del programa Va En Serio MexiquenseTV canal 34.2<\/p>\n","protected":false},"excerpt":{"rendered":"<p>Carlos Ramos Padilla Para fundamentar su ataque ma\u00f1anero contra esta nueva alianza (PAN, PRI, PRD)&#8230;<\/p>\n","protected":false},"author":4,"featured_media":0,"comment_status":"closed","ping_status":"closed","sticky":false,"template":"","format":"standard","meta":{"footnotes":""},"categories":[4],"tags":[],"class_list":["post-15096","post","type-post","status-publish","format-standard","hentry","category-noticias-del-dia"],"_links":{"self":[{"href":"https:\/\/bambapolitica.com.mx\/index.php\/wp-json\/wp\/v2\/posts\/15096","targetHints":{"allow":["GET"]}}],"collection":[{"href":"https:\/\/bambapolitica.com.mx\/index.php\/wp-json\/wp\/v2\/posts"}],"about":[{"href":"https:\/\/bambapolitica.com.mx\/index.php\/wp-json\/wp\/v2\/types\/post"}],"author":[{"embeddable":true,"href":"https:\/\/bambapolitica.com.mx\/index.php\/wp-json\/wp\/v2\/users\/4"}],"replies":[{"embeddable":true,"href":"https:\/\/bambapolitica.com.mx\/index.php\/wp-json\/wp\/v2\/comments?post=15096"}],"version-history":[{"count":2,"href":"https:\/\/bambapolitica.com.mx\/index.php\/wp-json\/wp\/v2\/posts\/15096\/revisions"}],"predecessor-version":[{"id":15124,"href":"https:\/\/bambapolitica.com.mx\/index.php\/wp-json\/wp\/v2\/posts\/15096\/revisions\/15124"}],"wp:attachment":[{"href":"https:\/\/bambapolitica.com.mx\/index.php\/wp-json\/wp\/v2\/media?parent=15096"}],"wp:term":[{"taxonomy":"category","embeddable":true,"href":"https:\/\/bambapolitica.com.mx\/index.php\/wp-json\/wp\/v2\/categories?post=15096"},{"taxonomy":"post_tag","embeddable":true,"href":"https:\/\/bambapolitica.com.mx\/index.php\/wp-json\/wp\/v2\/tags?post=15096"}],"curies":[{"name":"wp","href":"https:\/\/api.w.org\/{rel}","templated":true}]}}