{"id":15264,"date":"2020-12-29T11:31:09","date_gmt":"2020-12-29T17:31:09","guid":{"rendered":"http:\/\/bambapolitica.com.mx\/?p=15264"},"modified":"2020-12-29T11:31:10","modified_gmt":"2020-12-29T17:31:10","slug":"kamala-harris-recibe-la-primera-dosis-de-la-vacuna-de-la-covid-19-se-trata-de-salvar-vidas","status":"publish","type":"post","link":"https:\/\/bambapolitica.com.mx\/index.php\/2020\/12\/29\/kamala-harris-recibe-la-primera-dosis-de-la-vacuna-de-la-covid-19-se-trata-de-salvar-vidas\/","title":{"rendered":"Kamala Harris recibe la primera dosis de la vacuna de la Covid-19: &#8220;Se trata de salvar vidas&#8221;"},"content":{"rendered":"\n<p>La vicepresidenta electa de Estados Unidos, Kamala Harris, recibi\u00f3 este martes delante de las c\u00e1maras de televisi\u00f3n la vacuna contra la covid-19 en el \u00fanico hospital p\u00fablico de Washington DC, en un intento de disipar la desconfianza entre la poblaci\u00f3n ante la inmunizaci\u00f3n: &#8220;Se trata de salvar vidas&#8221;, subray\u00f3.<\/p>\n\n\n\n<p>Harris se puso la vacuna de la empresa biotecnol\u00f3gica Moderna, la segunda que ha obtenido la autorizaci\u00f3n de emergencia por parte de las autoridades de EE.UU., en el United Medical Center, situado en una de las \u00e1reas m\u00e1s humildes del sureste de la capital.<\/p>\n\n\n\n<p>Ese centro est\u00e1 en la zona 8 de urbe, con una poblaci\u00f3n predominantemente afroamericana y la m\u00e1s castigada por la pandemia, con el 20 % de las muertes por covid-19 de la ciudad.<\/p>\n\n\n\n<p>Tras ponerse la vacuna, Harris brome\u00f3 con que apenas hab\u00eda sentido la inyecci\u00f3n, y agreg\u00f3 que su marido, Doug Emhoff, la recibir\u00e1 despu\u00e9s.<br>https:\/\/twitter.com\/CNNPolitics\/status\/1343952003224006656?ref_src=twsrc%5Etfw%7Ctwcamp%5Etweetembed%7Ctwterm%5E1343952003224006656%7Ctwgr%5E%7Ctwcon%5Es1_&amp;ref_url=https%3A%2F%2Fwww.20minutos.es%2Fnoticia%2F4527120%2F0%2Fkamala-harris-recibe-en-publico-la-vacuna-y-dice-que-se-trata-de-salvar-vidas%2F<\/p>\n\n\n\n<p>&#8220;Quiero animar a todo el mundo a ponerse la vacuna, es relativamente indoloro, es realmente r\u00e1pido, es seguro&#8221;, dijo la vicepresidenta electa a los periodistas, al tiempo que asegur\u00f3 que estaba deseando recibir la segunda dosis.<\/p>\n\n\n\n<p>Subray\u00f3 que conf\u00eda en los cient\u00edficos, quienes, record\u00f3, han creado y aprobado la vacuna.<\/p>\n\n\n\n<p>Dirigi\u00e9ndose a los estadounidenses, inst\u00f3: &#8220;cuando sea su turno, p\u00f3ngase la vacuna, se trata de salvar sus vidas, las de los miembros de su familia y las de su comunidad&#8221;.<\/p>\n\n\n\n<p>En las \u00faltimas semanas varios pol\u00edticos han recibido la vacuna contra la covid-19 en el pa\u00eds para generar confianza entre el p\u00fablico.<\/p>\n\n\n\n<p>&#8220;P\u00f3ngase la vacuna, se trata de salvar sus vidas&#8221;<br>La semana pasada lo hizo el presidente electo Joe Biden, a quien se le administr\u00f3 el suero de la farmac\u00e9utica Pfizer, el primero en recibir autorizaci\u00f3n de emergencia en el pa\u00eds; d\u00edas despu\u00e9s de que lo hicieran el vicepresidente saliente, Mike Pence, y los l\u00edderes dem\u00f3crata y republicano del Congreso, Nancy Pelosi y Mitch McConnell.<\/p>\n\n\n\n<p>La Casa Blanca no ha revelado si Trump, quien contrajo la covid-19 en octubre y se recuper\u00f3 tras tomar un c\u00f3ctel experimental de anticuerpos, recibir\u00e1 la vacuna.<\/p>\n\n\n\n<p>Estados Unidos supera ya los 19,2 millones de casos confirmados y las 334.600 muertes por la covid-19, de acuerdo con el recuento independiente de la Universidad Johns Hopkins.<\/p>\n","protected":false},"excerpt":{"rendered":"<p>La vicepresidenta electa de Estados Unidos, Kamala Harris, recibi\u00f3 este martes delante de las c\u00e1maras&#8230;<\/p>\n","protected":false},"author":4,"featured_media":0,"comment_status":"closed","ping_status":"closed","sticky":false,"template":"","format":"standard","meta":{"footnotes":""},"categories":[5],"tags":[],"class_list":["post-15264","post","type-post","status-publish","format-standard","hentry","category-internacional"],"_links":{"self":[{"href":"https:\/\/bambapolitica.com.mx\/index.php\/wp-json\/wp\/v2\/posts\/15264","targetHints":{"allow":["GET"]}}],"collection":[{"href":"https:\/\/bambapolitica.com.mx\/index.php\/wp-json\/wp\/v2\/posts"}],"about":[{"href":"https:\/\/bambapolitica.com.mx\/index.php\/wp-json\/wp\/v2\/types\/post"}],"author":[{"embeddable":true,"href":"https:\/\/bambapolitica.com.mx\/index.php\/wp-json\/wp\/v2\/users\/4"}],"replies":[{"embeddable":true,"href":"https:\/\/bambapolitica.com.mx\/index.php\/wp-json\/wp\/v2\/comments?post=15264"}],"version-history":[{"count":1,"href":"https:\/\/bambapolitica.com.mx\/index.php\/wp-json\/wp\/v2\/posts\/15264\/revisions"}],"predecessor-version":[{"id":15266,"href":"https:\/\/bambapolitica.com.mx\/index.php\/wp-json\/wp\/v2\/posts\/15264\/revisions\/15266"}],"wp:attachment":[{"href":"https:\/\/bambapolitica.com.mx\/index.php\/wp-json\/wp\/v2\/media?parent=15264"}],"wp:term":[{"taxonomy":"category","embeddable":true,"href":"https:\/\/bambapolitica.com.mx\/index.php\/wp-json\/wp\/v2\/categories?post=15264"},{"taxonomy":"post_tag","embeddable":true,"href":"https:\/\/bambapolitica.com.mx\/index.php\/wp-json\/wp\/v2\/tags?post=15264"}],"curies":[{"name":"wp","href":"https:\/\/api.w.org\/{rel}","templated":true}]}}