{"id":15403,"date":"2020-12-31T09:42:33","date_gmt":"2020-12-31T15:42:33","guid":{"rendered":"http:\/\/bambapolitica.com.mx\/?p=15403"},"modified":"2020-12-31T09:42:34","modified_gmt":"2020-12-31T15:42:34","slug":"por-investigacion-de-influyentismo-el-director-del-centro-medico-de-toluca-deja-su-cargo","status":"publish","type":"post","link":"https:\/\/bambapolitica.com.mx\/index.php\/2020\/12\/31\/por-investigacion-de-influyentismo-el-director-del-centro-medico-de-toluca-deja-su-cargo\/","title":{"rendered":"Por investigaci\u00f3n de influyentismo, el director del centro m\u00e9dico de Toluca deja su cargo"},"content":{"rendered":"\n<p>Inician la investigaci\u00f3n con expediente OIC\/INVESTIGACION\/ISEM\/OF\/106\/2020 para determinar si existe alguna conducta sancionable.<\/p>\n\n\n\n<p>La Secretar\u00eda de Salud del Estado de M\u00e9xico inform\u00f3 que el Director del Centro M\u00e9dico \u201cLic. Adolfo L\u00f3pez Mateos\u201d, Jos\u00e9 Rogel Romero, se separ\u00f3 del cargo mientras se realizan las diligencias correspondientes para recabar los datos de prueba y determinar la existencia o no de alguna falta administrativa por presuntamente haber promovido la vacunaci\u00f3n contra Covid-19 a favor de sus familiares.<\/p>\n\n\n\n<p>La dependencia afirm\u00f3 que se ha iniciado la investigaci\u00f3n del \u00d3rgano Interno de Control del Instituto de Salud del Estado de M\u00e9xico, con expediente OIC\/INVESTIGACION\/ISEM\/OF\/106\/2020.<\/p>\n","protected":false},"excerpt":{"rendered":"<p>Inician la investigaci\u00f3n con expediente OIC\/INVESTIGACION\/ISEM\/OF\/106\/2020 para determinar si existe alguna conducta sancionable. La Secretar\u00eda&#8230;<\/p>\n","protected":false},"author":4,"featured_media":0,"comment_status":"closed","ping_status":"closed","sticky":false,"template":"","format":"standard","meta":{"footnotes":""},"categories":[4],"tags":[],"class_list":["post-15403","post","type-post","status-publish","format-standard","hentry","category-noticias-del-dia"],"_links":{"self":[{"href":"https:\/\/bambapolitica.com.mx\/index.php\/wp-json\/wp\/v2\/posts\/15403","targetHints":{"allow":["GET"]}}],"collection":[{"href":"https:\/\/bambapolitica.com.mx\/index.php\/wp-json\/wp\/v2\/posts"}],"about":[{"href":"https:\/\/bambapolitica.com.mx\/index.php\/wp-json\/wp\/v2\/types\/post"}],"author":[{"embeddable":true,"href":"https:\/\/bambapolitica.com.mx\/index.php\/wp-json\/wp\/v2\/users\/4"}],"replies":[{"embeddable":true,"href":"https:\/\/bambapolitica.com.mx\/index.php\/wp-json\/wp\/v2\/comments?post=15403"}],"version-history":[{"count":1,"href":"https:\/\/bambapolitica.com.mx\/index.php\/wp-json\/wp\/v2\/posts\/15403\/revisions"}],"predecessor-version":[{"id":15405,"href":"https:\/\/bambapolitica.com.mx\/index.php\/wp-json\/wp\/v2\/posts\/15403\/revisions\/15405"}],"wp:attachment":[{"href":"https:\/\/bambapolitica.com.mx\/index.php\/wp-json\/wp\/v2\/media?parent=15403"}],"wp:term":[{"taxonomy":"category","embeddable":true,"href":"https:\/\/bambapolitica.com.mx\/index.php\/wp-json\/wp\/v2\/categories?post=15403"},{"taxonomy":"post_tag","embeddable":true,"href":"https:\/\/bambapolitica.com.mx\/index.php\/wp-json\/wp\/v2\/tags?post=15403"}],"curies":[{"name":"wp","href":"https:\/\/api.w.org\/{rel}","templated":true}]}}