{"id":16077,"date":"2021-01-13T11:46:24","date_gmt":"2021-01-13T17:46:24","guid":{"rendered":"http:\/\/bambapolitica.com.mx\/?p=16077"},"modified":"2021-01-13T11:46:30","modified_gmt":"2021-01-13T17:46:30","slug":"tener-miedo-de-cerrar-los-ojos-y-no-volver-asi-se-despidio-alex-malverde-antes-de-morir-por-covid-19","status":"publish","type":"post","link":"https:\/\/bambapolitica.com.mx\/index.php\/2021\/01\/13\/tener-miedo-de-cerrar-los-ojos-y-no-volver-asi-se-despidio-alex-malverde-antes-de-morir-por-covid-19\/","title":{"rendered":"&#8220;Tener miedo de cerrar los ojos y no volver&#8221;, as\u00ed se despidi\u00f3 Alex Malverde antes de morir por Covid-19"},"content":{"rendered":"\n<p>&#8220;No saben lo desesperante que es que tu vida dependa de unos tubos&#8221;, escribi\u00f3 el promotor mexicano de hip hop horas antes de morir<\/p>\n\n\n\n<p>Uno de los promotores de hip hop nacional y tambi\u00e9n conductor de radio, Alex Malverde falleci\u00f3 debido a complicaciones generadas tras padecer Coronavirus.<\/p>\n\n\n\n<p>A trav\u00e9s de redes sociales, amigos, colegas y fans de Malverde dieron a conocer el fallecimiento del m\u00fasico, el cual hab\u00eda ocurrido este mi\u00e9rcoles por la madrugada.<\/p>\n\n\n\n<p>\u201cPos con la novedad de que me dio COVID, no me siento mal el d\u00eda de hoy, pero me dicen (despu\u00e9s de hacerme una tomograf\u00eda) que tengo los pulmones chiquitos, ahora adem\u00e1s de pito chico soy pulm\u00f3n chico. Chale puta vida\u201d, public\u00f3 en su red social.<\/p>\n\n\n\n<p>El nueve de enero Malverde reflexionaba acerca de la enfermedad y habl\u00f3 sobre la importancia de usar medidas sanitarias para enfrentar al virus.<\/p>\n\n\n\n<p>\u201cNom\u00e1s que salga de esta chingadera, a cada persona que vea sin cubreboca le voy a dar un chingazo y despu\u00e9s le regalar\u00e9 un cubreboca\u201d, dijo.<\/p>\n\n\n\n<figure class=\"wp-block-embed-twitter wp-block-embed is-type-rich is-provider-twitter\"><div class=\"wp-block-embed__wrapper\">\n<blockquote class=\"twitter-tweet\" data-width=\"550\" data-dnt=\"true\"><p lang=\"es\" dir=\"ltr\">Nom\u00e1s que salga de esta chingadera, a cada persona que vea sin cubreboca le voy a dar un chingazo y despu\u00e9s le regalar\u00e9 un cubreboca.<\/p>&mdash; Alex Malverde (@AlexMalverde) <a href=\"https:\/\/twitter.com\/AlexMalverde\/status\/1348022394074648578?ref_src=twsrc%5Etfw\">January 9, 2021<\/a><\/blockquote><script async src=\"https:\/\/platform.twitter.com\/widgets.js\" charset=\"utf-8\"><\/script>\n<\/div><\/figure>\n\n\n\n<p>Durante los d\u00edas siguientes a su test positivo, Alex inform\u00f3 c\u00f3mo iba llevando la enfermedad. As\u00ed dio a conocer que necesitaba tanque de ox\u00edgeno, pues en la Ciudad de M\u00e9xico hab\u00eda desabasto.<\/p>\n\n\n\n<p>\u201cGracias por su vibra, cu\u00eddense mucho. No saben lo desesperante es que tu vida dependa de unos tubos, tener miedo de cerrar los ojos y no volver. \u00a1CU\u00cdDENSE! Seguimos echando chingazos\u201d, expuso el 11 de enero.<\/p>\n\n\n\n<figure class=\"wp-block-embed-twitter wp-block-embed is-type-rich is-provider-twitter\"><div class=\"wp-block-embed__wrapper\">\n<blockquote class=\"twitter-tweet\" data-width=\"550\" data-dnt=\"true\"><p lang=\"es\" dir=\"ltr\">Gracias por su vibra, cu\u00eddense mucho. No saben lo desesperante es que tu vida dependa de unos tubos, tener miedo de cerrar los ojos y no volver. CU\u00cdDENSE! Seguimos echando chingazos<\/p>&mdash; Alex Malverde (@AlexMalverde) <a href=\"https:\/\/twitter.com\/AlexMalverde\/status\/1348775050967740416?ref_src=twsrc%5Etfw\">January 11, 2021<\/a><\/blockquote><script async src=\"https:\/\/platform.twitter.com\/widgets.js\" charset=\"utf-8\"><\/script>\n<\/div><\/figure>\n\n\n\n<p>Ese mismo d\u00eda Alex Malverde agradeci\u00f3 las muestras de cari\u00f1o de sus amigos y colegas de la industria y pidi\u00f3 a sus seguidores que se cuidaran y que \u00e9l no se quer\u00eda morir a\u00fan.<\/p>\n\n\n\n<figure class=\"wp-block-embed-twitter wp-block-embed is-type-rich is-provider-twitter\"><div class=\"wp-block-embed__wrapper\">\n<blockquote class=\"twitter-tweet\" data-width=\"550\" data-dnt=\"true\"><p lang=\"es\" dir=\"ltr\">Manden buena vibra, no me quiero morir a\u00fan. Cu\u00eddense del COVID<\/p>&mdash; Alex Malverde (@AlexMalverde) <a href=\"https:\/\/twitter.com\/AlexMalverde\/status\/1348675643647660032?ref_src=twsrc%5Etfw\">January 11, 2021<\/a><\/blockquote><script async src=\"https:\/\/platform.twitter.com\/widgets.js\" charset=\"utf-8\"><\/script>\n<\/div><\/figure>\n\n\n\n<figure class=\"wp-block-embed-twitter wp-block-embed is-type-rich is-provider-twitter\"><div class=\"wp-block-embed__wrapper\">\n<blockquote class=\"twitter-tweet\" data-width=\"550\" data-dnt=\"true\"><p lang=\"es\" dir=\"ltr\">No le deseo a nadie esta mierda del COVID, se pone feo, a ratos siento que me habla San Peter.<\/p>&mdash; Alex Malverde (@AlexMalverde) <a href=\"https:\/\/twitter.com\/AlexMalverde\/status\/1347440359614328832?ref_src=twsrc%5Etfw\">January 8, 2021<\/a><\/blockquote><script async src=\"https:\/\/platform.twitter.com\/widgets.js\" charset=\"utf-8\"><\/script>\n<\/div><\/figure>\n\n\n\n<p>Alex Malverde fue reconocido por impulsar a la Banda Bast\u00f3n y lanz\u00f3 su primer disco junto a ella en internet. El objetivo fue recolectar los fondos necesarios para producirlo en f\u00edsico y esto gest\u00f3 sus primeros pasos hacia la creaci\u00f3n de la m\u00fasica detr\u00e1s del escenario.<\/p>\n\n\n\n<p>Su trabajo permiti\u00f3 que el hip-hop nacional tuviera un cambio de paradigma y se abriera hacia el contexto internacional vi\u00e9ndose como uno de los mejores en su tipo. Aqu\u00ed fund\u00f3 Homegrown y fue el encargado del sello Rich Vagos.<\/p>\n\n\n\n<figure class=\"wp-block-embed-twitter wp-block-embed is-type-rich is-provider-twitter\"><div class=\"wp-block-embed__wrapper\">\n<blockquote class=\"twitter-tweet\" data-width=\"550\" data-dnt=\"true\"><p lang=\"es\" dir=\"ltr\">Buen viaje <a href=\"https:\/\/twitter.com\/AlexMalverde?ref_src=twsrc%5Etfw\">@AlexMalverde<\/a>. \u00c9chanos un ojo desde arriba, mi homie.<br><br>Luego nos vamos a volver a cagar de risa y compartir discos cabrones. Por ahora descansa carnal.<\/p>&mdash; Chumel Torres (@ChumelTorres) <a href=\"https:\/\/twitter.com\/ChumelTorres\/status\/1349269986766958597?ref_src=twsrc%5Etfw\">January 13, 2021<\/a><\/blockquote><script async src=\"https:\/\/platform.twitter.com\/widgets.js\" charset=\"utf-8\"><\/script>\n<\/div><\/figure>\n","protected":false},"excerpt":{"rendered":"<p>&#8220;No saben lo desesperante que es que tu vida dependa de unos tubos&#8221;, escribi\u00f3 el&#8230;<\/p>\n","protected":false},"author":4,"featured_media":0,"comment_status":"closed","ping_status":"closed","sticky":false,"template":"","format":"standard","meta":{"footnotes":""},"categories":[3],"tags":[],"class_list":["post-16077","post","type-post","status-publish","format-standard","hentry","category-espectaculos"],"_links":{"self":[{"href":"https:\/\/bambapolitica.com.mx\/index.php\/wp-json\/wp\/v2\/posts\/16077","targetHints":{"allow":["GET"]}}],"collection":[{"href":"https:\/\/bambapolitica.com.mx\/index.php\/wp-json\/wp\/v2\/posts"}],"about":[{"href":"https:\/\/bambapolitica.com.mx\/index.php\/wp-json\/wp\/v2\/types\/post"}],"author":[{"embeddable":true,"href":"https:\/\/bambapolitica.com.mx\/index.php\/wp-json\/wp\/v2\/users\/4"}],"replies":[{"embeddable":true,"href":"https:\/\/bambapolitica.com.mx\/index.php\/wp-json\/wp\/v2\/comments?post=16077"}],"version-history":[{"count":1,"href":"https:\/\/bambapolitica.com.mx\/index.php\/wp-json\/wp\/v2\/posts\/16077\/revisions"}],"predecessor-version":[{"id":16079,"href":"https:\/\/bambapolitica.com.mx\/index.php\/wp-json\/wp\/v2\/posts\/16077\/revisions\/16079"}],"wp:attachment":[{"href":"https:\/\/bambapolitica.com.mx\/index.php\/wp-json\/wp\/v2\/media?parent=16077"}],"wp:term":[{"taxonomy":"category","embeddable":true,"href":"https:\/\/bambapolitica.com.mx\/index.php\/wp-json\/wp\/v2\/categories?post=16077"},{"taxonomy":"post_tag","embeddable":true,"href":"https:\/\/bambapolitica.com.mx\/index.php\/wp-json\/wp\/v2\/tags?post=16077"}],"curies":[{"name":"wp","href":"https:\/\/api.w.org\/{rel}","templated":true}]}}