{"id":16410,"date":"2021-01-19T11:03:10","date_gmt":"2021-01-19T17:03:10","guid":{"rendered":"http:\/\/bambapolitica.com.mx\/?p=16410"},"modified":"2021-01-19T11:03:10","modified_gmt":"2021-01-19T17:03:10","slug":"feria-del-tamal-y-del-atole-virtual-en-nezahualcoyotl","status":"publish","type":"post","link":"https:\/\/bambapolitica.com.mx\/index.php\/2021\/01\/19\/feria-del-tamal-y-del-atole-virtual-en-nezahualcoyotl\/","title":{"rendered":"Feria del tamal y del atole virtual en Nezahualc\u00f3yotl"},"content":{"rendered":"\n<p>Nezahualc\u00f3yotl, Edom\u00e9x. a 18 de enero de 2021.<\/p>\n\n\n\n<p>Con el fin de evitar m\u00e1s contagios de COVID-19 y fortalecer la econom\u00eda local de Nezahualc\u00f3yotl, el presidente municipal Juan Hugo de la Rosa Garc\u00eda anunci\u00f3 la Feria del Tamal y el Atole Neza 2021 que se realizar\u00e1 de manera virtual para evitar riesgos a la salud y ofrecer\u00e1 a domicilio decenas de variedades y sabores del tradicional platillo mexicano a partir del 29 de enero y hasta el 2 de febrero, d\u00eda de la Candelaria.<\/p>\n\n\n\n<figure class=\"wp-block-gallery columns-3 is-cropped wp-block-gallery-1 is-layout-flex wp-block-gallery-is-layout-flex\"><ul class=\"blocks-gallery-grid\"><li class=\"blocks-gallery-item\"><figure><img decoding=\"async\" src=\"https:\/\/bambapolitica.com.mx\/wp-content\/uploads\/2021\/01\/wp-16110080942536370869465972387088-1.jpg\" alt=\"\" data-id=\"16412\" data-full-url=\"https:\/\/bambapolitica.com.mx\/wp-content\/uploads\/2021\/01\/wp-16110080942536370869465972387088-1.jpg\" data-link=\"https:\/\/bambapolitica.com.mx\/?attachment_id=16412\" class=\"wp-image-16412\"\/><\/figure><\/li><li class=\"blocks-gallery-item\"><figure><img decoding=\"async\" src=\"https:\/\/bambapolitica.com.mx\/wp-content\/uploads\/2021\/01\/wp-16110081155662527027717504848486.jpg\" alt=\"\" data-id=\"16413\" data-full-url=\"https:\/\/bambapolitica.com.mx\/wp-content\/uploads\/2021\/01\/wp-16110081155662527027717504848486.jpg\" data-link=\"https:\/\/bambapolitica.com.mx\/?attachment_id=16413\" class=\"wp-image-16413\"\/><\/figure><\/li><li class=\"blocks-gallery-item\"><figure><img decoding=\"async\" src=\"https:\/\/bambapolitica.com.mx\/wp-content\/uploads\/2021\/01\/wp-16110081305868683740451334556549.jpg\" alt=\"\" data-id=\"16414\" data-full-url=\"https:\/\/bambapolitica.com.mx\/wp-content\/uploads\/2021\/01\/wp-16110081305868683740451334556549.jpg\" data-link=\"https:\/\/bambapolitica.com.mx\/?attachment_id=16414\" class=\"wp-image-16414\"\/><\/figure><\/li><\/ul><\/figure>\n\n\n\n<p>El alcalde puntualiz\u00f3 que M\u00e9xico es un pa\u00eds de grandes tradiciones sin embargo se\u00f1al\u00f3 que por desgracia las actuales condiciones de la pandemia de COVID-19, que a la fecha en Nezahualc\u00f3yotl ha cobrado al momento 2 mil 121 vidas, impiden que se realicen de manera convencional o usual, por lo que para proteger la salud de todos y al mismo tiempo apoyar a los tamaleros de la ciudad dicha Feria ser\u00e1 de forma digital.<\/p>\n\n\n\n<p>De la Rosa Garc\u00eda indic\u00f3 que por medio de la fan page de fomento al comercio local \u201cUnidos Compramos en Neza\u201d se alojar\u00e1 el grupo de ventas Feria Virtual del Tamal y el Atole Neza 2021, en el que cientos de expositores podr\u00e1n publicitar sus especialidades al public\u00f3, siempre y cuando se trate exclusivamente de servicios para llevar o a domicilio, adem\u00e1s resalt\u00f3 los mejores exponentes ser\u00e1n compartidos en las redes sociales oficiales del gobierno municipal H. Ayuntamiento de Nezahualc\u00f3yotl y en la propia p\u00e1gina institucional http:\/\/www.neza.gob.mx, donde tambi\u00e9n se alojar\u00e1 el cat\u00e1logo de los participantes.<\/p>\n\n\n\n<p>Puntualiz\u00f3 que desde la llegada del virus SARS-CoV-2 se ha tenido que implementar la modalidad digital o a distancia a los diversos eventos feriales exitosos que se realizaban en el municipio, los cuales representan una importante \u00e1rea de oportunidad para comerciantes, empresarios y emprendedores de diversos sectores de la econom\u00eda local, alcanzando buenos resultados en materia de ventas pero a su vez en la modernizaci\u00f3n de los comercios de la ciudad que cada vez se familiarizan m\u00e1s con el marketing digital y las televentas, siendo ejemplo de ello la pasada Feria Virtual del Juguete Neza 20-21 que logro m\u00e1s de 24 mil participantes.<\/p>\n\n\n\n<p>El edil detall\u00f3 que \u00e9l personalmente visitar\u00e1 varios establecimientos dedicados a la venta de tamales y atoles para invitar a la comunidad a conocer sus especialidades y hacer sus encargos v\u00eda telef\u00f3nica para el pr\u00f3ximo D\u00eda de la Candelaria, el cual subray\u00f3 deber\u00e1 celebrarse en casa, s\u00f3lo con los integrantes cercanos de la familia o residentes del hogar y con la aplicaci\u00f3n cuidadosa de medidas preventivas, especialmente el uso de cubrebocas, la buena ventilaci\u00f3n del lugar y la desinfecci\u00f3n de art\u00edculos personales.<\/p>\n\n\n\n<p>Finalmente, el presidente municipal Juan Hugo de la Rosa Garc\u00eda resalt\u00f3 que solo con responsabilidad y unidad se lograr\u00e1 salir avante de los riesgos a la salud y las crisis econ\u00f3micas que han derivado a causa de la pandemia no solo en Neza, sino en el pa\u00eds y el mundo entero, por lo que pidi\u00f3 a todas las personas autoprotegerse y cuidar de quienes m\u00e1s aman.<\/p>\n","protected":false},"excerpt":{"rendered":"<p>Nezahualc\u00f3yotl, Edom\u00e9x. a 18 de enero de 2021. Con el fin de evitar m\u00e1s contagios&#8230;<\/p>\n","protected":false},"author":4,"featured_media":0,"comment_status":"closed","ping_status":"closed","sticky":false,"template":"","format":"standard","meta":{"footnotes":""},"categories":[4],"tags":[],"class_list":["post-16410","post","type-post","status-publish","format-standard","hentry","category-noticias-del-dia"],"_links":{"self":[{"href":"https:\/\/bambapolitica.com.mx\/index.php\/wp-json\/wp\/v2\/posts\/16410","targetHints":{"allow":["GET"]}}],"collection":[{"href":"https:\/\/bambapolitica.com.mx\/index.php\/wp-json\/wp\/v2\/posts"}],"about":[{"href":"https:\/\/bambapolitica.com.mx\/index.php\/wp-json\/wp\/v2\/types\/post"}],"author":[{"embeddable":true,"href":"https:\/\/bambapolitica.com.mx\/index.php\/wp-json\/wp\/v2\/users\/4"}],"replies":[{"embeddable":true,"href":"https:\/\/bambapolitica.com.mx\/index.php\/wp-json\/wp\/v2\/comments?post=16410"}],"version-history":[{"count":1,"href":"https:\/\/bambapolitica.com.mx\/index.php\/wp-json\/wp\/v2\/posts\/16410\/revisions"}],"predecessor-version":[{"id":16415,"href":"https:\/\/bambapolitica.com.mx\/index.php\/wp-json\/wp\/v2\/posts\/16410\/revisions\/16415"}],"wp:attachment":[{"href":"https:\/\/bambapolitica.com.mx\/index.php\/wp-json\/wp\/v2\/media?parent=16410"}],"wp:term":[{"taxonomy":"category","embeddable":true,"href":"https:\/\/bambapolitica.com.mx\/index.php\/wp-json\/wp\/v2\/categories?post=16410"},{"taxonomy":"post_tag","embeddable":true,"href":"https:\/\/bambapolitica.com.mx\/index.php\/wp-json\/wp\/v2\/tags?post=16410"}],"curies":[{"name":"wp","href":"https:\/\/api.w.org\/{rel}","templated":true}]}}