{"id":16539,"date":"2021-01-21T11:34:23","date_gmt":"2021-01-21T17:34:23","guid":{"rendered":"http:\/\/bambapolitica.com.mx\/?p=16539"},"modified":"2021-01-21T12:02:43","modified_gmt":"2021-01-21T18:02:43","slug":"locatarios-del-mercado-san-antonio-en-texcoco-protestan-por-remodelacion","status":"publish","type":"post","link":"https:\/\/bambapolitica.com.mx\/index.php\/2021\/01\/21\/locatarios-del-mercado-san-antonio-en-texcoco-protestan-por-remodelacion\/","title":{"rendered":"Locatarios del Mercado San Antonio en Texcoco protestan por remodelaci\u00f3n"},"content":{"rendered":"\n<p>Una docena de comerciantes del Mercado San Antonio que tiene mas de 65 a\u00f1os de vida, bloquearon por m\u00e1s de media hora una de las calles principales de esta Ciudad, en protesta por que se van a invertir unos 15 millones de pesos en la remodelaci\u00f3n del mercado y, m\u00e1s que nada reforzar la estructura del inmueble que fue seriamente afectado por el temblor de 2017.<\/p>\n\n\n\n<p>Y que a pesar de que pudiera ceder de un momento a otro, estas personas se niegan a que el mercado mejore de forma notoria.<\/p>\n\n\n\n<p>Los 15 millones de pesos ya autorizados y listos para empezarse a invertir por parte del Gobierno del Estado de M\u00e9xico a partir del 28 de enero se ven en peligro debido a unos 10 concesionarios junto con sus empleados, que simplemente no quieren la remodelaci\u00f3n, pretextando la pandemia, la falta de ventas e incluso que cerrar\u00edan sus fuentes de ingresos por varios meses.<\/p>\n\n\n\n<p>Al respecto, la tesorera de la \u201cUni\u00f3n de Comerciantes, Presidente, Adolfo L\u00f3pez Mateos A. C.\u201d, F\u00e1tima M\u00e1rquez Conde se\u00f1al\u00f3 que es urgente la remodelaci\u00f3n del mercado, ya que un peritaje de Protecci\u00f3n Civil indica que la estructura madre del inmueble esta muy da\u00f1ada y en grave riesgo de colapsar, por lo cual se debe de hacer algo y ahora que el presupuesto esta para acabar con esta obra, \u201cunos cu\u00e1ntos se inconforman quien sabe porque situaci\u00f3n\u201d.<\/p>\n\n\n\n<p>Incluso la tesorera acus\u00f3 de forma directa a In\u00e9s Rodolfo Cuellar de encabezar este movimiento \u201cen contra del progreso del mercado\u201d, a pesar de que cuando fue dirigente del mercado despu\u00e9s de salir de la c\u00e1rcel por los hechos violentos del 2006 al andar con el FPDT y donde estuvo unos 4 a\u00f1os, muchos recursos econ\u00f3micos, \u201cquien sabe donde quedaron, incluyendo 36 mil pesos que supuestamente los iba a utilizar esta persona para comprar video c\u00e1maras de vigilancia y al final no se hizo nada y ahora quiere obstaculizar una obra de beneficio para todos\u201d.<\/p>\n\n\n\n<p>Durante el bloqueo presentado en la Calle Fray Pedro de Gante y Col\u00f3n, hubo enfrentamientos verbales entre los propios comerciantes del mercado a favor y en contra de la remodelaci\u00f3n, en donde los que estuvieron a favor fue una gran mayor\u00eda que de plano quitaron el bloqueo de los facinerosos y formaron una cadena humana para que los veh\u00edculos pudieran transitar por esa calle sin problemas, lo cual lograron f\u00e1cilmente debido a la gran mayor\u00eda que eran.<\/p>\n\n\n\n<p>Debido a ello se hizo una asamblea urgente en las oficinas del mercado, en donde m\u00e1s del 90% de los concesionarios estuvieron a favor de iniciar la obra y la tesorera especifico que no se va a afectar a nadie e incluso dijo que es la mejor \u00e9poca para llevar a cabo esta obra, ya que las ventas dentro del mercado han bajado en m\u00e1s del 50% y muy poca gente en comparaci\u00f3n con lo que pasaba antes, ya que siendo un lugar tur\u00edstico \u201cnos visitaba mucho turista\u201d, por lo que sin afectar a nadie se puede realizar la obra, ya que adem\u00e1s es por etapas como se ha venido haciendo a partir de que inicio la remodelaci\u00f3n de este lugar.<\/p>\n\n\n\n<p>De 500 integrantes de la uni\u00f3n no es posible que unos cu\u00e1ntos que siempre han estado en contra del progreso de este lugar como; el propio In\u00e9s Rodolfo Cuellar, Jos\u00e9 Cruz Salcedo, Mar\u00eda de los \u00c1ngeles Conde, entre unos pocos m\u00e1s, son los que pretendan obstaculizar una obra que embellecer\u00e1 y m\u00e1s que nada dar\u00e1 seguridad a miles de personas que visitan el mercado San Antonio, todo ello, \u201ccon quien sabe que oculto inter\u00e9s\u201d, afirm\u00f3 la tesorera.<\/p>\n\n\n\n<p>F\u00e1tima M\u00e1rquez asever\u00f3 que no por unas cu\u00e1ntas personas, se va a detener la remodelaci\u00f3n que lleva d\u00e9cadas en que \u201clo estamos pidiendo y ahora que le cay\u00f3 a esta mesa directiva el rercurso, lo vamos a defender y no vamos a dejar que este recurso se nos vuelva a ir y m\u00e1s s\u00ed somos mayor\u00eda.<\/p>\n\n\n\n<p>Este problema es interno y lo vamos a resolver como sea necesario, pero es un hecho que la remodelaci\u00f3n se va a hacer\u201d, culmin\u00f3 la comerciante.<br>reporteros en movimiento.<\/p>\n","protected":false},"excerpt":{"rendered":"<p>Una docena de comerciantes del Mercado San Antonio que tiene mas de 65 a\u00f1os de&#8230;<\/p>\n","protected":false},"author":4,"featured_media":0,"comment_status":"closed","ping_status":"closed","sticky":false,"template":"","format":"standard","meta":{"footnotes":""},"categories":[4],"tags":[],"class_list":["post-16539","post","type-post","status-publish","format-standard","hentry","category-noticias-del-dia"],"_links":{"self":[{"href":"https:\/\/bambapolitica.com.mx\/index.php\/wp-json\/wp\/v2\/posts\/16539","targetHints":{"allow":["GET"]}}],"collection":[{"href":"https:\/\/bambapolitica.com.mx\/index.php\/wp-json\/wp\/v2\/posts"}],"about":[{"href":"https:\/\/bambapolitica.com.mx\/index.php\/wp-json\/wp\/v2\/types\/post"}],"author":[{"embeddable":true,"href":"https:\/\/bambapolitica.com.mx\/index.php\/wp-json\/wp\/v2\/users\/4"}],"replies":[{"embeddable":true,"href":"https:\/\/bambapolitica.com.mx\/index.php\/wp-json\/wp\/v2\/comments?post=16539"}],"version-history":[{"count":3,"href":"https:\/\/bambapolitica.com.mx\/index.php\/wp-json\/wp\/v2\/posts\/16539\/revisions"}],"predecessor-version":[{"id":16547,"href":"https:\/\/bambapolitica.com.mx\/index.php\/wp-json\/wp\/v2\/posts\/16539\/revisions\/16547"}],"wp:attachment":[{"href":"https:\/\/bambapolitica.com.mx\/index.php\/wp-json\/wp\/v2\/media?parent=16539"}],"wp:term":[{"taxonomy":"category","embeddable":true,"href":"https:\/\/bambapolitica.com.mx\/index.php\/wp-json\/wp\/v2\/categories?post=16539"},{"taxonomy":"post_tag","embeddable":true,"href":"https:\/\/bambapolitica.com.mx\/index.php\/wp-json\/wp\/v2\/tags?post=16539"}],"curies":[{"name":"wp","href":"https:\/\/api.w.org\/{rel}","templated":true}]}}