{"id":16632,"date":"2021-01-22T10:06:49","date_gmt":"2021-01-22T16:06:49","guid":{"rendered":"http:\/\/bambapolitica.com.mx\/?p=16632"},"modified":"2021-01-22T10:06:51","modified_gmt":"2021-01-22T16:06:51","slug":"inegi-reporta-que-primera-quincena-de-enero-la-inflacion-subio-a-3-33","status":"publish","type":"post","link":"https:\/\/bambapolitica.com.mx\/index.php\/2021\/01\/22\/inegi-reporta-que-primera-quincena-de-enero-la-inflacion-subio-a-3-33\/","title":{"rendered":"Inegi reporta que primera quincena de enero la inflaci\u00f3n subi\u00f3 a 3.33%"},"content":{"rendered":"\n<p>La inflaci\u00f3n en la primera quincena de 2021 fue mayor a la pronosticada por analistas<\/p>\n\n\n\n<p><br>M\u00e9xico.- El Instituto Nacional de Estad\u00edstica y Geograf\u00eda (Inegi) dio a conocer este 22 de enero que la inflaci\u00f3n durante la segunda quincena de enero de 2021 creci\u00f3 3.33 por ciento a tasa anual, y 0.51 por ciento en comparaci\u00f3n con la quincena inmediata anterior.<\/p>\n\n\n\n<p>Se trata de la inflaci\u00f3n m\u00e1s alta reportada desde la primera quincena de noviembre pasado, cuando el \u00cdndice Nacional de Precios al Consumidor (INPC) se ubic\u00f3 en una tasa anual de 3.43 por ciento.<\/p>\n\n\n\n<p>Adem\u00e1s, la inflaci\u00f3n se ubic\u00f3 en la primera quincena de enero por encima del pron\u00f3stico de 3.17 por ciento elaborado por la agencia de noticias Reuters mediante un sondeo entre 12 analistas econ\u00f3micos con conocimiento de la situaci\u00f3n en M\u00e9xico.<\/p>\n\n\n\n<p>Cabe se\u00f1alar que, desde hace varios meses, el Inegi est\u00e1 elaborando el c\u00e1lculo de la inflaci\u00f3n haciendo uso de \u201cmedios electr\u00f3nicos como el Internet, correo electr\u00f3nico, tel\u00e9fono y otras tecnolog\u00edas de la informaci\u00f3n para obtener sus cotizaciones\u201d, debido a la Emergencia Sanitaria por coronavirus.<\/p>\n\n\n\n<figure class=\"wp-block-embed-twitter wp-block-embed is-type-rich is-provider-twitter\"><div class=\"wp-block-embed__wrapper\">\n<blockquote class=\"twitter-tweet\" data-width=\"550\" data-dnt=\"true\"><p lang=\"es\" dir=\"ltr\">Consulta los datos a la primera quincena de enero de 2021 del \u00cdndice Nacional de Precios al Consumidor <a href=\"https:\/\/twitter.com\/hashtag\/INPC?src=hash&amp;ref_src=twsrc%5Etfw\">#INPC<\/a> <a href=\"https:\/\/twitter.com\/hashtag\/ComunicadoINEGI?src=hash&amp;ref_src=twsrc%5Etfw\">#ComunicadoINEGI<\/a>\u00a0<a href=\"https:\/\/t.co\/eT8QEX4t8v\">https:\/\/t.co\/eT8QEX4t8v<\/a> <a href=\"https:\/\/t.co\/AsYHlbroio\">pic.twitter.com\/AsYHlbroio<\/a><\/p>&mdash; INEGI INFORMA (@INEGI_INFORMA) <a href=\"https:\/\/twitter.com\/INEGI_INFORMA\/status\/1352617560823492613?ref_src=twsrc%5Etfw\">January 22, 2021<\/a><\/blockquote><script async src=\"https:\/\/platform.twitter.com\/widgets.js\" charset=\"utf-8\"><\/script>\n<\/div><\/figure>\n\n\n\n<p>Energ\u00e9ticos impulsan crecimiento de la inflaci\u00f3n en primera quincena de enero<br>En un comunicado, el Inegi detall\u00f3 que la inflaci\u00f3n subyacente registr\u00f3 un crecimiento quincenal de 0.24 por ciento y 3.83 por ciento a tasa anual, mientras que el \u00edndice de precios no subyacente subi\u00f3 1.37 por ciento quincenal y 1.84 por ciento anual.<\/p>\n\n\n\n<p>Adem\u00e1s, el Inegi apunt\u00f3 que la causa principal del crecimiento en la inflaci\u00f3n durante la primera quincena de enero fue un incremento en el precio de los energ\u00e9ticos. En este sentido, los principales productos que se vendieron m\u00e1s caro en el periodo fueron:<\/p>\n\n\n\n<ul class=\"wp-block-list\"><li>Papa y otros tub\u00e9rculos &#8211; 9.40 por ciento<\/li><li>Gas dom\u00e9stico LP &#8211; 5.33 por ciento<\/li><li>Gasolina de bajo octanaje (Magna) &#8211; 3.26 por ciento<\/li><li>Gasolina de alto octanaje (Premium) &#8211; 2.87 por ciento<\/li><li>Servicio de televisi\u00f3n de paga &#8211; 2.53 por ciento<\/li><\/ul>\n\n\n\n<p>En sentido contrario, hubo producto que bajaron de precio en la primera mitad del primer mes del a\u00f1o, ayudando a contener el INPC, entre los que destacan:<\/p>\n\n\n\n<ul class=\"wp-block-list\"><li>Transporte a\u00e9reo &#8211; 20.89 por ciento<\/li><li>Cebolla &#8211; 10.39 por ciento<\/li><li>Servicios tur\u00edsticos en paquete &#8211; 8.68 por ciento<\/li><li>Chayote &#8211; 6.89 por ciento<\/li><li>Hospedaje en hoteles &#8211; 3.36 por ciento.<\/li><\/ul>\n\n\n\n<p>sdpnoticias<\/p>\n","protected":false},"excerpt":{"rendered":"<p>La inflaci\u00f3n en la primera quincena de 2021 fue mayor a la pronosticada por analistas&#8230;<\/p>\n","protected":false},"author":4,"featured_media":0,"comment_status":"closed","ping_status":"closed","sticky":false,"template":"","format":"standard","meta":{"footnotes":""},"categories":[4],"tags":[],"class_list":["post-16632","post","type-post","status-publish","format-standard","hentry","category-noticias-del-dia"],"_links":{"self":[{"href":"https:\/\/bambapolitica.com.mx\/index.php\/wp-json\/wp\/v2\/posts\/16632","targetHints":{"allow":["GET"]}}],"collection":[{"href":"https:\/\/bambapolitica.com.mx\/index.php\/wp-json\/wp\/v2\/posts"}],"about":[{"href":"https:\/\/bambapolitica.com.mx\/index.php\/wp-json\/wp\/v2\/types\/post"}],"author":[{"embeddable":true,"href":"https:\/\/bambapolitica.com.mx\/index.php\/wp-json\/wp\/v2\/users\/4"}],"replies":[{"embeddable":true,"href":"https:\/\/bambapolitica.com.mx\/index.php\/wp-json\/wp\/v2\/comments?post=16632"}],"version-history":[{"count":2,"href":"https:\/\/bambapolitica.com.mx\/index.php\/wp-json\/wp\/v2\/posts\/16632\/revisions"}],"predecessor-version":[{"id":16638,"href":"https:\/\/bambapolitica.com.mx\/index.php\/wp-json\/wp\/v2\/posts\/16632\/revisions\/16638"}],"wp:attachment":[{"href":"https:\/\/bambapolitica.com.mx\/index.php\/wp-json\/wp\/v2\/media?parent=16632"}],"wp:term":[{"taxonomy":"category","embeddable":true,"href":"https:\/\/bambapolitica.com.mx\/index.php\/wp-json\/wp\/v2\/categories?post=16632"},{"taxonomy":"post_tag","embeddable":true,"href":"https:\/\/bambapolitica.com.mx\/index.php\/wp-json\/wp\/v2\/tags?post=16632"}],"curies":[{"name":"wp","href":"https:\/\/api.w.org\/{rel}","templated":true}]}}