{"id":17352,"date":"2021-02-04T10:46:15","date_gmt":"2021-02-04T16:46:15","guid":{"rendered":"http:\/\/bambapolitica.com.mx\/?p=17352"},"modified":"2021-02-04T10:46:16","modified_gmt":"2021-02-04T16:46:16","slug":"mario-marin-se-va-a-la-carcel-despues-de-14-anos-de-impunidad","status":"publish","type":"post","link":"https:\/\/bambapolitica.com.mx\/index.php\/2021\/02\/04\/mario-marin-se-va-a-la-carcel-despues-de-14-anos-de-impunidad\/","title":{"rendered":"Mario Mar\u00edn se va a la c\u00e1rcel, despu\u00e9s de 14 a\u00f1os de impunidad"},"content":{"rendered":"\n<p>Mario Mar\u00edn, a la c\u00e1rcel por el \u201ccoscorr\u00f3n\u201d a Lydia en 2005<br>Delincuencia. Agentes de la FGR detienen en Acapulco al ex gobernador poblano, acusado de torturar a la escritora y periodista; \u201cllevo 14 a\u00f1os buscando justicia\u201d, responde ella.<\/p>\n\n\n\n<p>Mario Mar\u00edn, ex gobernador de Puebla, fue detenido ayer en Acapulco, Guerrero, por su presunta responsabilidad en el delito de tortura en agravio de la periodista y escritora Lydia Cacho. <\/p>\n\n\n\n<p>Luego de un cateo en un inmueble propiedad de una hermana del ex mandatario, elementos de la Fiscal\u00eda General de la Rep\u00fablica (FGR) dieron cumplimiento a una orden de aprehensi\u00f3n.<\/p>\n\n\n\n<p>El delito del que se le acusa est\u00e1 tipificado como grave y no alcanza libertad bajo cauci\u00f3n, por lo que se prev\u00e9 que sea trasladado a Canc\u00fan, Quintana Roo, para ser puesto a disposici\u00f3n de la autoridad judicial que lo requiere.<\/p>\n\n\n\n<p>El il\u00edcito del que se le acusa se remonta a 2005, cuando Lydia Cacho fue detenida en Canc\u00fan, por difamaci\u00f3n y calumnia tras la publicaci\u00f3n del libro Los demonios del ed\u00e9n, en el que ella se refiri\u00f3 a los empresarios Kamel Nacif y Jean Succar Kuri como integrantes de una red de prostituci\u00f3n y pederastia. La periodista fue trasladada desde Canc\u00fan hasta Puebla, en un trayecto de 23 horas en el cual denunci\u00f3 haber sido v\u00edctima de tortura psicol\u00f3gica. Luego de la aprehensi\u00f3n, se dio a conocer una llamada entre Mario Mar\u00edn y Kamel Nacif, en la que el ex gobernador se ufan\u00f3 de haberle puesto \u201ccoscorr\u00f3n\u201d. <\/p>\n\n\n\n<p>\u201cAyer le acab\u00e9 de dar un pinche coscorr\u00f3n a esta vieja cabrona, aqu\u00ed en Puebla se respeta la ley, aqu\u00ed no hay impunidad, no se quiera hacer la v\u00edctima y no quiera estar aprovechando para hacer publicidad\u201d, expres\u00f3 en aquel entonces Mar\u00edn a Nacif. <\/p>\n\n\n\n<p>En abril de 2019, la magistrada Mar\u00eda Elena Su\u00e1rez orden\u00f3 la aprehensi\u00f3n del ex gobernador y empresario Kamel Nacif, por su presunta responsabilidad en el delito de tortura contra Lydia Cacho, cometido en 2005.<\/p>\n\n\n\n<p>Tambi\u00e9n se orden\u00f3 la captura de Juan S\u00e1nchez, ex jefe de la Polic\u00eda Judicial de Puebla, y de Hugo Adolfo Karam, ex subdirector de Mandamientos Judiciales.<\/p>\n\n\n\n<p>La resoluci\u00f3n de la magistrada revoc\u00f3 la decisi\u00f3n de un juez en Quintana Roo, quien en 2018 neg\u00f3 la orden de captura a la entonces PGR. El fiscal general, Alejandro Gertz Manero, inform\u00f3 en su momento que solicit\u00f3 a Interpol la emisi\u00f3n de una ficha roja para detener al ex gobernador, por lo que era buscado 194 pa\u00edses. <\/p>\n\n\n\n<p>Ayer, el ex mandatario poblano fue detenido en un domicilio de la colonia Cumbres de Figueroa, en el puerto de Acapulco; de acuerdo con vecinos, aproximadamente a las 15:30 horas dos agentes tocaron a la puerta de la vivienda de una hermana de Mar\u00edn, una profesora que se identific\u00f3 como Alicia.<\/p>\n\n\n\n<p>Afuera del inmueble hab\u00eda siete camionetas de agentes federales, dos de los cuales ingresaron sin violencia y media hora despu\u00e9s salieron con el detenido.<\/p>\n\n\n\n<p>De inmediato, Mar\u00edn fue trasladado a las oficinas de la Subdelegaci\u00f3n de Procedimientos Penales de la FGR, ubicada en el fraccionamiento Magallanes, donde fue revisado por un m\u00e9dico legista.<\/p>\n\n\n\n<p>Luego de que se diera a conocer la aprehensi\u00f3n, el gobernador de Puebla, Miguel Barbosa, reconoci\u00f3 la labor que realiz\u00f3 la FGR para capturar al ex mandatario. Por su parte, Lydia Cacho record\u00f3 que durante 14 a\u00f1os ha buscado justicia por ser v\u00edctima de tortura \u201cpor este c\u00f3mplice de redes de pornograf\u00eda infantil\u201d.<\/p>\n\n\n\n<p>A trav\u00e9s de Twitter, indic\u00f3 que en cuanto el ex gobernador poblano fue detenido, ella fue informada del hecho por la FGR. <\/p>\n\n\n\n<p>\u201cLa @FGRMexico me avis\u00f3 en cuanto detuvieron al ex gobernador Mario Mar\u00edn escondido en Acapulco. Llevo 14 a\u00f1os buscando justicia por haber sido torturada por este c\u00f3mplice de redes de #Pornograf\u00edaInfantil Vamos por todos\u201d, Tuite\u00f3.<\/p>\n\n\n\n<p>EL CASO EN LA SUPREMA CORTE El caso de Lydia Cacho lleg\u00f3 a la Suprema Corte de Justicia de la Naci\u00f3n en 2006, donde se orden\u00f3 conformar una Comisi\u00f3n Investigadora; sin embargo, tras conocer la investigaci\u00f3n, el pleno se abstuvo de se\u00f1alar al gobernador como supuesto responsable de la violaci\u00f3n a las garant\u00edas individuales de la periodista, debido a que no se demostr\u00f3 la existencia de \u201cuna falta grave a sus derechos\u201d, en t\u00e9rminos del art\u00edculo 97 constitucional, motivo por el cual no era necesario un pronunciamiento sobre el caso, con lo que concluy\u00f3 el asunto.<\/p>\n\n\n\n<p>La Corte solo mencion\u00f3 que, si bien la Comisi\u00f3n Investigadora puso al descubierto algunos actos indebidos y violaci\u00f3n a las garant\u00edas individuales de la escritora, durante su traslado de Quintana Roo a Puebla, \u00e9stas no fueron graves, sino \u201cmenores\u201d, por lo que desech\u00f3 la existencia de un \u201cconcierto de autoridades\u201d para atentar contra Cacho.<\/p>\n\n\n\n<p>Mario Mar\u00edn fue gobernador de Puebla entre 2005 y 2011, y previamente hab\u00eda sido presidente municipal de la capital, entre 1999 y 2002. De militancia priista, tuvo diversos cargos p\u00fablico, entre ellos, el de secretario particular de Guillermo Pacheco Pulido, edil de Puebla de 1987-1990, y secretario de Gobernaci\u00f3n de la entidad durante el mandato de Manuel Bartlett D\u00edaz, de 1993 a 1999.<\/p>\n\n\n\n<p>La \u00faltima aparici\u00f3n en p\u00fablico del ex gobernador ocurri\u00f3 el 31 de marzo de 2019, tras participar en el arranque de campa\u00f1a de Alberto Jim\u00e9nez, abanderado del PRI a la gubernatura poblana.<\/p>\n\n\n\n<p>En ese momento, asegur\u00f3 que el caso Lydia Cacho hab\u00eda quedado atr\u00e1s, y por ello consider\u00f3 que su respaldo a la campa\u00f1a no afectar\u00eda. Sin embargo, luego de que en abril de 2019 se ordenara su captura, el mandatario desapareci\u00f3.<\/p>\n\n\n\n<p>En noviembre de ese a\u00f1o, Mar\u00edn se ausent\u00f3 de los funerales de su padre, Crescencio Mar\u00edn, quien falleci\u00f3 a los 96 a\u00f1os. LOS PERFILES Jean Succar Kuri Empresario hotelero Con antecedentes de pederastia desde 2004, en 2011 fue condenado a 13 a\u00f1os de prisi\u00f3n, que luego se incrementaron a 112. Kamel Nacif Borge Empresario de la mezclilla Mexicano de origen liban\u00e9s, en 2019 se orden\u00f3 su captura; la FGR lo ubic\u00f3 en L\u00edbano y ya est\u00e1 en marcha su extradici\u00f3n.<\/p>\n\n\n\n<p>DI\u00c1LOGO PRECIOSO \u201cEN PUEBLA QUIEN COMETE UN DELITO SE LLAMA DELINCUENTE\u201d<\/p>\n\n\n\n<p>Conversaci\u00f3n de Kamel Nacif, el zar de la mezclilla, y el entonces gobernador de Puebla Mario Mar\u00edn.<\/p>\n\n\n\n<p>\u2014Qui\u00fabole, Kamel.<\/p>\n\n\n\n<p>\u2014\u00a1Qu\u00e9 pas\u00f3, mi g\u00f3ber precioso\u00a1<\/p>\n\n\n\n<p>\u2014\u00a1Mi h\u00e9roe, chingao!<\/p>\n\n\n\n<p>\u2014No, aqu\u00ed t\u00fa eres el h\u00e9roe de esta pel\u00edcula, pap\u00e1<\/p>\n\n\n\n<p> \u2014Ayer le acab\u00e9 de dar un coscorr\u00f3n a esta vieja cabrona. Aqu\u00ed en Puebla se respeta la ley, no hay impunidad y quien comete un delito se llama delincuente. Ahora que no quiera hacerse la v\u00edctima. Ya le mand\u00e9 un mensaje a ver c\u00f3mo nos contesta.<\/p>\n\n\n\n<p>(\u2026) \u2014Te habl\u00e9 para darte las gracias\u2026 s\u00e9 que te met\u00ed en un problema\u2026<\/p>\n\n\n\n<p>\u2014Hay que ver para adelante\u2026<\/p>\n\n\n\n<p>\u2014\u2026Y para darte un abrazo te tengo aqu\u00ed una botella bell\u00edsima de co\u00f1ac, que no s\u00e9 ad\u00f3nde te la mando.<\/p>\n\n\n\n<p>\u2014Aqu\u00ed o a Casa Aguayo.<\/p>\n\n\n\n<p>\u2014Adonde t\u00fa me digas.<\/p>\n\n\n\n<p>\u2014A Casa Aguayo para ech\u00e1rmela.<\/p>\n\n\n\n<p>\u2014\u00bfTe la vas a echar?<\/p>\n\n\n\n<p>\u2014\u00a1Claro, luego, luego en Navidad!<\/p>\n\n\n\n<p>\u2014Entonces te voy a mandar dos.<\/p>\n\n\n\n<p>Con informaci\u00f3n de: Javier Trujillo, Carlos Morales, Rosario Portillo y Elvia Garc\u00eda.<\/p>\n\n\n\n<p>Milenio.<\/p>\n","protected":false},"excerpt":{"rendered":"<p>Mario Mar\u00edn, a la c\u00e1rcel por el \u201ccoscorr\u00f3n\u201d a Lydia en 2005Delincuencia. Agentes de la&#8230;<\/p>\n","protected":false},"author":4,"featured_media":0,"comment_status":"closed","ping_status":"closed","sticky":false,"template":"","format":"standard","meta":{"footnotes":""},"categories":[4],"tags":[],"class_list":["post-17352","post","type-post","status-publish","format-standard","hentry","category-noticias-del-dia"],"_links":{"self":[{"href":"https:\/\/bambapolitica.com.mx\/index.php\/wp-json\/wp\/v2\/posts\/17352","targetHints":{"allow":["GET"]}}],"collection":[{"href":"https:\/\/bambapolitica.com.mx\/index.php\/wp-json\/wp\/v2\/posts"}],"about":[{"href":"https:\/\/bambapolitica.com.mx\/index.php\/wp-json\/wp\/v2\/types\/post"}],"author":[{"embeddable":true,"href":"https:\/\/bambapolitica.com.mx\/index.php\/wp-json\/wp\/v2\/users\/4"}],"replies":[{"embeddable":true,"href":"https:\/\/bambapolitica.com.mx\/index.php\/wp-json\/wp\/v2\/comments?post=17352"}],"version-history":[{"count":1,"href":"https:\/\/bambapolitica.com.mx\/index.php\/wp-json\/wp\/v2\/posts\/17352\/revisions"}],"predecessor-version":[{"id":17354,"href":"https:\/\/bambapolitica.com.mx\/index.php\/wp-json\/wp\/v2\/posts\/17352\/revisions\/17354"}],"wp:attachment":[{"href":"https:\/\/bambapolitica.com.mx\/index.php\/wp-json\/wp\/v2\/media?parent=17352"}],"wp:term":[{"taxonomy":"category","embeddable":true,"href":"https:\/\/bambapolitica.com.mx\/index.php\/wp-json\/wp\/v2\/categories?post=17352"},{"taxonomy":"post_tag","embeddable":true,"href":"https:\/\/bambapolitica.com.mx\/index.php\/wp-json\/wp\/v2\/tags?post=17352"}],"curies":[{"name":"wp","href":"https:\/\/api.w.org\/{rel}","templated":true}]}}