{"id":17606,"date":"2021-02-08T14:11:47","date_gmt":"2021-02-08T20:11:47","guid":{"rendered":"http:\/\/bambapolitica.com.mx\/?p=17606"},"modified":"2021-02-08T14:11:48","modified_gmt":"2021-02-08T20:11:48","slug":"robaron-una-retroexcavadora-en-ixtapaluca","status":"publish","type":"post","link":"https:\/\/bambapolitica.com.mx\/index.php\/2021\/02\/08\/robaron-una-retroexcavadora-en-ixtapaluca\/","title":{"rendered":"Robaron una retroexcavadora en Ixtapaluca"},"content":{"rendered":"\n<p>La pronta respuesta de los elementos estatales hizo posible la detenci\u00f3n de los implicados.<\/p>\n\n\n\n<p>Ixtapaluca, Estado de M\u00e9xico, 08 de febrero de 2021.- Trabajos de coordinaci\u00f3n interinstitucional entre la Secretar\u00eda de Seguridad (SS), su hom\u00f3loga en la capital del pa\u00eds y la Polic\u00eda Municipal permitieron ubicar al interior de un predio una retroexcavadora con reporte de robo.<\/p>\n\n\n\n<figure class=\"wp-block-image size-large\"><img decoding=\"async\" src=\"https:\/\/bambapolitica.com.mx\/wp-content\/uploads\/2021\/02\/IMG-20210208-WA0054.jpg\" alt=\"\" class=\"wp-image-17608\"\/><\/figure>\n\n\n\n<p>El Centro de Control, Comando, Comunicaci\u00f3n, C\u00f3mputo y Calidad (C5) emiti\u00f3 una consigna operativa para la localizaci\u00f3n de la maquinaria marca Caterpillar, modelo 2018, color amarillo; integrantes de dichas corporaciones iniciaron las labores de b\u00fasqueda.<\/p>\n\n\n\n<p>Como resultado de las investigaciones, se localiz\u00f3 un inmueble aparentemente relacionado con el hecho en la colonia San Francisco, de este municipio; por medio del zagu\u00e1n entre abierto, elementos observaron el automotor reportado.<\/p>\n\n\n\n<p>Cuatro personas que se encontraban en el lugar, intentaron emprender huida a bordo de un veh\u00edculo marca Nissan, tipo Versa, color gris, sin embargo, gracias a la oportuna reacci\u00f3n de los oficiales, se captur\u00f3 a Ahtziri de 22 a\u00f1os de edad, \u00c1ngel de 48 a\u00f1os, Alejandro de 36 a\u00f1os y \u00d3scar \u201cN\u201d de 33 a\u00f1os de edad, a quienes se les decomisaron tres celulares.<\/p>\n\n\n\n<figure class=\"wp-block-image size-large\"><img decoding=\"async\" src=\"https:\/\/bambapolitica.com.mx\/wp-content\/uploads\/2021\/02\/IMG-20210208-WA0052.jpg\" alt=\"\" class=\"wp-image-17609\"\/><\/figure>\n\n\n\n<p>Los detenidos fueron remitidos ante la Fiscal\u00eda Especializada en Delitos Cometidos contra el Transporte con sede en Nezahualc\u00f3yotl, donde se continuar\u00e1n las indagatorias para definir su situaci\u00f3n legal, en tanto, el lugar qued\u00f3 resguardado por polic\u00edas estatales en espera de que se gire la orden de cateo correspondiente.<\/p>\n","protected":false},"excerpt":{"rendered":"<p>La pronta respuesta de los elementos estatales hizo posible la detenci\u00f3n de los implicados. Ixtapaluca,&#8230;<\/p>\n","protected":false},"author":4,"featured_media":0,"comment_status":"closed","ping_status":"closed","sticky":false,"template":"","format":"standard","meta":{"footnotes":""},"categories":[4],"tags":[],"class_list":["post-17606","post","type-post","status-publish","format-standard","hentry","category-noticias-del-dia"],"_links":{"self":[{"href":"https:\/\/bambapolitica.com.mx\/index.php\/wp-json\/wp\/v2\/posts\/17606","targetHints":{"allow":["GET"]}}],"collection":[{"href":"https:\/\/bambapolitica.com.mx\/index.php\/wp-json\/wp\/v2\/posts"}],"about":[{"href":"https:\/\/bambapolitica.com.mx\/index.php\/wp-json\/wp\/v2\/types\/post"}],"author":[{"embeddable":true,"href":"https:\/\/bambapolitica.com.mx\/index.php\/wp-json\/wp\/v2\/users\/4"}],"replies":[{"embeddable":true,"href":"https:\/\/bambapolitica.com.mx\/index.php\/wp-json\/wp\/v2\/comments?post=17606"}],"version-history":[{"count":1,"href":"https:\/\/bambapolitica.com.mx\/index.php\/wp-json\/wp\/v2\/posts\/17606\/revisions"}],"predecessor-version":[{"id":17610,"href":"https:\/\/bambapolitica.com.mx\/index.php\/wp-json\/wp\/v2\/posts\/17606\/revisions\/17610"}],"wp:attachment":[{"href":"https:\/\/bambapolitica.com.mx\/index.php\/wp-json\/wp\/v2\/media?parent=17606"}],"wp:term":[{"taxonomy":"category","embeddable":true,"href":"https:\/\/bambapolitica.com.mx\/index.php\/wp-json\/wp\/v2\/categories?post=17606"},{"taxonomy":"post_tag","embeddable":true,"href":"https:\/\/bambapolitica.com.mx\/index.php\/wp-json\/wp\/v2\/tags?post=17606"}],"curies":[{"name":"wp","href":"https:\/\/api.w.org\/{rel}","templated":true}]}}