{"id":17734,"date":"2021-02-10T16:36:22","date_gmt":"2021-02-10T22:36:22","guid":{"rendered":"http:\/\/bambapolitica.com.mx\/?p=17734"},"modified":"2021-02-10T16:36:24","modified_gmt":"2021-02-10T22:36:24","slug":"no-abra-sesgo-en-licitaciones-asi-lo-aclara-el-ine","status":"publish","type":"post","link":"https:\/\/bambapolitica.com.mx\/index.php\/2021\/02\/10\/no-abra-sesgo-en-licitaciones-asi-lo-aclara-el-ine\/","title":{"rendered":"No abra sesgo en licitaciones as\u00ed lo aclara el INE"},"content":{"rendered":"\n<p>La testigo social de la licitaci\u00f3n 061\/2020 dijo que el INE no tuvo tendencia a favorecer a alg\u00fan licitante.<\/p>\n\n\n\n<p><br>M\u00e9xico.- El Instituto Nacional Electoral (INE) aclara diversos aspectos sobre se\u00f1alamientos de asignaci\u00f3n de contratos de la licitaci\u00f3n p\u00fablica nacional INE\/061\/2020.<\/p>\n\n\n\n<p>El organismo electoral se\u00f1al\u00f3 que el procedimiento se desarroll\u00f3 en apego a los principios tutelados por el art\u00edculo 134 constitucional y las normas internas del INE, contrario a los se\u00f1alamientos de la Liga Ciudadana sobre supuestos candados para favorecer licitantes.<\/p>\n\n\n\n<p>Adem\u00e1s, por primera vez en la historia del INE, un grupo espec\u00edfico integrado por la Unidad T\u00e9cnica de Servicios de Inform\u00e1tica y la Direcci\u00f3n Ejecutiva de Administraci\u00f3n de la Direcci\u00f3n Jur\u00eddica del \u00d3rgano Interno de Control, particip\u00f3 en el an\u00e1lisis.<\/p>\n\n\n\n<p>Adem\u00e1s, particip\u00f3 la testigo social, maestra en Derecho Fiscal, Cynthia Valeria Sotelo, se integr\u00f3 para evaluar las propuestas presentadas de las cuales de los 12 participantes resultaron acreditados cinco posibles proveedores que cumplieron con los planteamientos y requerimientos solicitados.<\/p>\n\n\n\n<p>Informe de la testigo social en licitaci\u00f3n 061<br>Durante su informe, la testigo social se\u00f1al\u00f3 que el INE atendi\u00f3 todas las acciones recomendadas fortaleciendo la transparencia, imparcialidad y apego a las normas del instituto en materia de adquisiciones, adem\u00e1s realiz\u00f3 una investigaci\u00f3n de mercado amplia y concreta y no se observ\u00f3 tendencia de alg\u00fan servidor p\u00fablico para favorecer alg\u00fan licitante, ni se detect\u00f3 alguna evasi\u00f3n en cuanto a requerimientos establecidos en la convocatoria.<\/p>\n\n\n\n<p>&#8220;No se observ\u00f3 la tendencia de alg\u00fan servidor p\u00fablico para favorecer a alg\u00fan<br>licitante y tampoco se detect\u00f3 la evasi\u00f3n de alguno de los requisitos, lineamientos o<br>condiciones establecidos en la licitaci\u00f3n&#8221; &#8211; Cynthia Valeria Sotelo. Testigo social<\/p>\n\n\n\n<p>El INE aclar\u00f3 que las empresas que participaron en la licitaci\u00f3n no cuentan con alg\u00fan contrato o relaci\u00f3n con la dirigencia ejecutiva del Registro Federal de Electores y la participaci\u00f3n del personal de la direcci\u00f3n ejecutiva en la licitaci\u00f3n fue \u00fanicamente sobre los equipos relacionados con m\u00f3dulos de atenci\u00f3n ciudadana que representan el 17 por ciento del contrato.<\/p>\n\n\n\n<p>El contrato, aclar\u00f3, consiste en el servicio administrativo de c\u00f3mputo mediante el que se proporciona los equipos para la operaci\u00f3n del personal del INE y el proveedor no tiene acceso a los sistemas de informaci\u00f3n confidencial antes durante o despu\u00e9s de los servicios contratados.<\/p>\n\n\n\n<p>Dicho contrato tendr\u00e1 una vigencia del 13 de enero de 2021 al 31 de diciembre de 2024, por el cual se podr\u00e1n ejercer como m\u00ednimo 225 millones 138 mil 850.56 con IVA y un m\u00e1ximo de 456 millones 503 mil 458.82 pesos con IVA, durante el per\u00edodo total de la contrataci\u00f3n.<\/p>\n","protected":false},"excerpt":{"rendered":"<p>La testigo social de la licitaci\u00f3n 061\/2020 dijo que el INE no tuvo tendencia a&#8230;<\/p>\n","protected":false},"author":4,"featured_media":0,"comment_status":"closed","ping_status":"closed","sticky":false,"template":"","format":"standard","meta":{"footnotes":""},"categories":[4],"tags":[],"class_list":["post-17734","post","type-post","status-publish","format-standard","hentry","category-noticias-del-dia"],"_links":{"self":[{"href":"https:\/\/bambapolitica.com.mx\/index.php\/wp-json\/wp\/v2\/posts\/17734","targetHints":{"allow":["GET"]}}],"collection":[{"href":"https:\/\/bambapolitica.com.mx\/index.php\/wp-json\/wp\/v2\/posts"}],"about":[{"href":"https:\/\/bambapolitica.com.mx\/index.php\/wp-json\/wp\/v2\/types\/post"}],"author":[{"embeddable":true,"href":"https:\/\/bambapolitica.com.mx\/index.php\/wp-json\/wp\/v2\/users\/4"}],"replies":[{"embeddable":true,"href":"https:\/\/bambapolitica.com.mx\/index.php\/wp-json\/wp\/v2\/comments?post=17734"}],"version-history":[{"count":1,"href":"https:\/\/bambapolitica.com.mx\/index.php\/wp-json\/wp\/v2\/posts\/17734\/revisions"}],"predecessor-version":[{"id":17736,"href":"https:\/\/bambapolitica.com.mx\/index.php\/wp-json\/wp\/v2\/posts\/17734\/revisions\/17736"}],"wp:attachment":[{"href":"https:\/\/bambapolitica.com.mx\/index.php\/wp-json\/wp\/v2\/media?parent=17734"}],"wp:term":[{"taxonomy":"category","embeddable":true,"href":"https:\/\/bambapolitica.com.mx\/index.php\/wp-json\/wp\/v2\/categories?post=17734"},{"taxonomy":"post_tag","embeddable":true,"href":"https:\/\/bambapolitica.com.mx\/index.php\/wp-json\/wp\/v2\/tags?post=17734"}],"curies":[{"name":"wp","href":"https:\/\/api.w.org\/{rel}","templated":true}]}}