{"id":17784,"date":"2021-02-11T13:16:57","date_gmt":"2021-02-11T19:16:57","guid":{"rendered":"http:\/\/bambapolitica.com.mx\/?p=17784"},"modified":"2021-02-11T13:16:58","modified_gmt":"2021-02-11T19:16:58","slug":"inauguran-obras-en-amecameca-con-valor-de-mas-de-dos-millones-de-pesos","status":"publish","type":"post","link":"https:\/\/bambapolitica.com.mx\/index.php\/2021\/02\/11\/inauguran-obras-en-amecameca-con-valor-de-mas-de-dos-millones-de-pesos\/","title":{"rendered":"Inauguran obras en Amecameca con valor de m\u00e1s de dos millones de pesos"},"content":{"rendered":"\n<p>Amecameca. Edom\u00e9x. a 10 de febrero de 2021. <\/p>\n\n\n\n<p>Con una inversi\u00f3n superior a los 2 millones de pesos el Presidente Municipal Miguel \u00c1ngel Salom\u00f3n Cort\u00e9s, acompa\u00f1ado de Regidoras y Regidores del Ayuntamiento, inaugur\u00f3 la repavimentaci\u00f3n de la calle Ocampo, en la cabecera municipal y el Puente Vehicular del Ejido en la delegaci\u00f3n de Santiago Cuauhtenco.<\/p>\n\n\n\n<figure class=\"wp-block-image size-large\"><img decoding=\"async\" src=\"https:\/\/bambapolitica.com.mx\/wp-content\/uploads\/2021\/02\/wp-16129867033222114307124294881725.jpg\" alt=\"\" class=\"wp-image-17788\"\/><figcaption>Amecameca.<\/figcaption><\/figure>\n\n\n\n<p>Frente al Delegado Municipal, Pedro Ju\u00e1rez Montes de Oca, y decenas de vecinos del lugar el Mun\u00edcipe afirm\u00f3 que el puente vehicular \u201ces una obra que mejora la calidad de vida de todos los habitantes de esa zona, a\u00fan recuerdo que hace unos meses no hab\u00eda por d\u00f3nde pasar de manera segura.<\/p>\n\n\n\n<p>Adem\u00e1s de que se colocaron postes y luminarias solares a lo largo de todo el camino\u201d.<br>Asimismo al inaugurar la repavimentaci\u00f3n de la calle Ocampo en la Cabecera Municipal el Presidente Municipal inform\u00f3 que la obra contempl\u00f3 el cambio del drenaje, la rehabilitaci\u00f3n de guarniciones y banquetas, as\u00ed como el pavimento asf\u00e1ltico y las luminarias solares.<\/p>\n","protected":false},"excerpt":{"rendered":"<p>Amecameca. Edom\u00e9x. a 10 de febrero de 2021. Con una inversi\u00f3n superior a los 2&#8230;<\/p>\n","protected":false},"author":4,"featured_media":0,"comment_status":"closed","ping_status":"closed","sticky":false,"template":"","format":"standard","meta":{"footnotes":""},"categories":[4],"tags":[],"class_list":["post-17784","post","type-post","status-publish","format-standard","hentry","category-noticias-del-dia"],"_links":{"self":[{"href":"https:\/\/bambapolitica.com.mx\/index.php\/wp-json\/wp\/v2\/posts\/17784","targetHints":{"allow":["GET"]}}],"collection":[{"href":"https:\/\/bambapolitica.com.mx\/index.php\/wp-json\/wp\/v2\/posts"}],"about":[{"href":"https:\/\/bambapolitica.com.mx\/index.php\/wp-json\/wp\/v2\/types\/post"}],"author":[{"embeddable":true,"href":"https:\/\/bambapolitica.com.mx\/index.php\/wp-json\/wp\/v2\/users\/4"}],"replies":[{"embeddable":true,"href":"https:\/\/bambapolitica.com.mx\/index.php\/wp-json\/wp\/v2\/comments?post=17784"}],"version-history":[{"count":1,"href":"https:\/\/bambapolitica.com.mx\/index.php\/wp-json\/wp\/v2\/posts\/17784\/revisions"}],"predecessor-version":[{"id":17790,"href":"https:\/\/bambapolitica.com.mx\/index.php\/wp-json\/wp\/v2\/posts\/17784\/revisions\/17790"}],"wp:attachment":[{"href":"https:\/\/bambapolitica.com.mx\/index.php\/wp-json\/wp\/v2\/media?parent=17784"}],"wp:term":[{"taxonomy":"category","embeddable":true,"href":"https:\/\/bambapolitica.com.mx\/index.php\/wp-json\/wp\/v2\/categories?post=17784"},{"taxonomy":"post_tag","embeddable":true,"href":"https:\/\/bambapolitica.com.mx\/index.php\/wp-json\/wp\/v2\/tags?post=17784"}],"curies":[{"name":"wp","href":"https:\/\/api.w.org\/{rel}","templated":true}]}}