{"id":17786,"date":"2021-02-11T13:17:46","date_gmt":"2021-02-11T19:17:46","guid":{"rendered":"http:\/\/bambapolitica.com.mx\/?p=17786"},"modified":"2021-02-11T13:17:47","modified_gmt":"2021-02-11T19:17:47","slug":"la-monja-mas-longeva-de-europa-celebra-117-anos-tras-recuperarse-del-coronavirus","status":"publish","type":"post","link":"https:\/\/bambapolitica.com.mx\/index.php\/2021\/02\/11\/la-monja-mas-longeva-de-europa-celebra-117-anos-tras-recuperarse-del-coronavirus\/","title":{"rendered":"La monja m\u00e1s longeva de Europa celebra 117 a\u00f1os tras recuperarse del coronavirus"},"content":{"rendered":"\n<p>Hoy\u00a0Lucile Randon,\u00a0la persona m\u00e1s longeva de Europa cumpli\u00f3 117 a\u00f1os, justo en una semana marcada por su recuperaci\u00f3n del coronavirus seguida atentamente por los medios de Francia, donde es conocida como la\u00a0hermana Andr\u00e9, afirmando que la mujer que se ha dedicado gran parte de su vida a ser monja,\u00a0ni siquiera &#8220;se dio cuenta&#8221; de su festividad. <\/p>\n\n\n\n<p>Las celebraciones por su nuevo a\u00f1o de vida est\u00e1n marcadas por un men\u00fa en la residencia donde se encuentra, una misa y\u00a0una copa de vino oporto.<\/p>\n\n\n\n<p>Pese a que ning\u00fan organismo oficial le concede el &#8220;t\u00edtulo&#8221; de decana de Francia, la hermana Andr\u00e9, nacida el 11 de febrero de 1904, es una de las mujeres m\u00e1s longevas de Europa. Su cumplea\u00f1os tiene un sabor a resurrecci\u00f3n este a\u00f1o en su residencia para ancianos de Toulon (sureste), que fue golpeada brutalmente por el covid-19 en enero, con 81 casos positivos y una decena de muertos. <\/p>\n\n\n\n<p>&#8220;No estoy segura de haberlo tenido (el covid-19). Me dicen que s\u00ed, estaba muy cansada, es cierto, pero no me di cuenta&#8221;, explica la monja a AFPTV. Para muchos, esta monja es un ejemplo de resistencia, ya que pas\u00f3 el aislamiento por el coronavirus en su silla de ruedas, dentro de su cuarto y sin poder recibir ninguna visita. <\/p>\n\n\n\n<p>&#8220;Su cumplea\u00f1os nos vigoriza, vamos a verlo como una ocasi\u00f3n para devolver la vida&#8221;, explica David Tavella, responsable de comunicaci\u00f3n de la residencia Sainte-Catherine-Labour\u00e9. Aunque la pandemia del coronavirus no permite celebrar en grande este acontecimiento, desde el grupo religioso se contemplaron misas excepcionales, donde tambi\u00e9n se encuentran m\u00e1s monjas. <\/p>\n\n\n\n<p>El cocinero tiene agend\u00f3 una comida digna del evento: oporto, foie gras, filete de cap\u00f3n con setas porcini y, por supuesto, una tortilla noruega, el postre favorito de la monja. Tambi\u00e9n se organizar\u00e1 una videoconferencia con sus bis sobrinos nietos, que no pueden ir a visitarla en persona. La expectaci\u00f3n por conocerla Son numerosos los periodistas de todo el mundo que quieren conocer de cerca su caso. <\/p>\n\n\n\n<p>Muchos la llaman o intentan venir a conocerla. &#8220;Cuando le digo &#8216;hermana Andr\u00e9, la est\u00e1n esperando&#8217;, arrastra los pies, pero luego no se detiene&#8221;, dice Tavella, que la describe como &#8220;una mujer de esp\u00edritu, excepcional, muy conmovedora&#8221;. <\/p>\n\n\n\n<p>El mi\u00e9rcoles, en la v\u00edspera de su cumplea\u00f1os, la mujer que ha visto pasar 19 presidentes desde que naci\u00f3, tom\u00f3 un poco de sol en el jard\u00edn rodeada de laureles, con las manos juntas en se\u00f1al de oraci\u00f3n y los ojos cerrados. A los j\u00f3venes les recomienda ser &#8220;valientes&#8221; y mostrar piedad. <\/p>\n\n\n\n<p>Nacida en Al\u00e8s (sureste), en el seno de una familia protestante no practicante, la hermana Andr\u00e9 trabaj\u00f3 como institutriz en varias familias, en Par\u00eds y en provincia. Uno de sus mejores recuerdos es el regreso de dos de sus hermanos al final de la Primera Guerra Mundial.\u00a0 <\/p>\n\n\n\n<p>&#8220;Era raro, en las familias era m\u00e1s com\u00fan que haya dos muertos y no dos vivos. Los dos volvieron&#8221;, dijo el a\u00f1o pasado con motivo de su 116 cumplea\u00f1os. <\/p>\n\n\n\n<p>Fue bautizada a los 26 a\u00f1os y entr\u00f3 en las \u00f3rdenes bastante tarde, a los 41, con las Hijas de la Caridad. &#8220;Era institutriz en Par\u00eds, y me iba muy bien. Quer\u00eda ir m\u00e1s all\u00e1 y ser Hija de la Caridad&#8221;, recuerda. La hermana Andr\u00e9 tiene cuatro sobrinos nietos y muchos bis sobrinos nietos. <\/p>\n","protected":false},"excerpt":{"rendered":"<p>Hoy\u00a0Lucile Randon,\u00a0la persona m\u00e1s longeva de Europa cumpli\u00f3 117 a\u00f1os, justo en una semana marcada&#8230;<\/p>\n","protected":false},"author":4,"featured_media":0,"comment_status":"closed","ping_status":"closed","sticky":false,"template":"","format":"standard","meta":{"footnotes":""},"categories":[5],"tags":[],"class_list":["post-17786","post","type-post","status-publish","format-standard","hentry","category-internacional"],"_links":{"self":[{"href":"https:\/\/bambapolitica.com.mx\/index.php\/wp-json\/wp\/v2\/posts\/17786","targetHints":{"allow":["GET"]}}],"collection":[{"href":"https:\/\/bambapolitica.com.mx\/index.php\/wp-json\/wp\/v2\/posts"}],"about":[{"href":"https:\/\/bambapolitica.com.mx\/index.php\/wp-json\/wp\/v2\/types\/post"}],"author":[{"embeddable":true,"href":"https:\/\/bambapolitica.com.mx\/index.php\/wp-json\/wp\/v2\/users\/4"}],"replies":[{"embeddable":true,"href":"https:\/\/bambapolitica.com.mx\/index.php\/wp-json\/wp\/v2\/comments?post=17786"}],"version-history":[{"count":1,"href":"https:\/\/bambapolitica.com.mx\/index.php\/wp-json\/wp\/v2\/posts\/17786\/revisions"}],"predecessor-version":[{"id":17791,"href":"https:\/\/bambapolitica.com.mx\/index.php\/wp-json\/wp\/v2\/posts\/17786\/revisions\/17791"}],"wp:attachment":[{"href":"https:\/\/bambapolitica.com.mx\/index.php\/wp-json\/wp\/v2\/media?parent=17786"}],"wp:term":[{"taxonomy":"category","embeddable":true,"href":"https:\/\/bambapolitica.com.mx\/index.php\/wp-json\/wp\/v2\/categories?post=17786"},{"taxonomy":"post_tag","embeddable":true,"href":"https:\/\/bambapolitica.com.mx\/index.php\/wp-json\/wp\/v2\/tags?post=17786"}],"curies":[{"name":"wp","href":"https:\/\/api.w.org\/{rel}","templated":true}]}}