{"id":19097,"date":"2021-03-05T12:20:29","date_gmt":"2021-03-05T18:20:29","guid":{"rendered":"http:\/\/bambapolitica.com.mx\/?p=19097"},"modified":"2021-03-05T12:20:30","modified_gmt":"2021-03-05T18:20:30","slug":"ley-de-amnistia-oportunidad-de-justicia-social-y-proteccion-de-los-derechos-humanos","status":"publish","type":"post","link":"https:\/\/bambapolitica.com.mx\/index.php\/2021\/03\/05\/ley-de-amnistia-oportunidad-de-justicia-social-y-proteccion-de-los-derechos-humanos\/","title":{"rendered":"Ley de amnist\u00eda, oportunidad de justicia social y protecci\u00f3n de los derechos humanos"},"content":{"rendered":"\n<p>La Defensor\u00eda de Habitantes ser\u00e1 escrupulosa en el seguimiento y observaci\u00f3n de esta ley que representa una v\u00eda para reparar injusticias hacia las personas privadas de libertad.<\/p>\n\n\n\n<p>Toluca, Estado de M\u00e9xico, 4 de marzo de 2021.- El Estado de M\u00e9xico, en este 2021, da un paso hist\u00f3rico para subsanar las violaciones a los derechos humanos y a las garant\u00edas de las personas privadas de la libertad, as\u00ed lo afirm\u00f3 Jorge Olvera Garc\u00eda, presidente de la Comisi\u00f3n de Derechos Humanos del Estado de M\u00e9xico (Codhem), , durante la presentaci\u00f3n de los Lineamientos para solicitar amnist\u00eda conforme a la Ley.<\/p>\n\n\n\n<p>A convocatoria del Poder Judicial de la entidad, encabezado por el presidente magistrado Ricardo Sodi Cu\u00e9llar, en este acto se dieron a conocer los procedimientos y las garant\u00edas que se deben atender en beneficio de las personas recluidas que se acojan a este marco normativo para obtener su libertad de manera anticipada.<\/p>\n\n\n\n<p>Al respecto, Olvera Garc\u00eda destac\u00f3 que la Codhem apoy\u00f3 \u201cde manera decidida y contundente la Ley de Amnist\u00eda del Estado de M\u00e9xico desde el inicio del proceso\u201d, y que en mayo de 2020, por ejemplo, se pronunci\u00f3 a favor no solo como una medida para despresurizar los centros de readaptaci\u00f3n y prevenci\u00f3n social de la entidad, sino la v\u00eda para ampliar el espectro y la calidad de la protecci\u00f3n y el respeto a los derechos humanos en la entidad.<\/p>\n\n\n\n<p>\u201cLa Defensor\u00eda de Habitantes ser\u00e1 escrupulosa en el seguimiento y observaci\u00f3n de esta ley que representa una gran oportunidad de justicia social y una v\u00eda para reparar las injusticias hacia las personas que, privadas de libertad, han pagado con a\u00f1os de encierro su condici\u00f3n de vulnerabilidad.\u201d<\/p>\n\n\n\n<p>Tras refrendar la disposici\u00f3n de la Codhem para que la Ley de Amnist\u00eda se consolide y forme parte de un Estado constitucional, asegur\u00f3: \u201cseguiremos promoviendo y defendiendo los derechos humanos de las personas privadas de la libertad; estaremos atentos de que quienes pasen por el proceso de amnist\u00eda, no sufran revictimizaci\u00f3n\u201d y se reintegren a la sociedad, un cap\u00edtulo tambi\u00e9n muy importante.\u201d<\/p>\n\n\n\n<p>Por su parte, el magistrado presidente del Poder Judicial y de la Judicatura local, Ricardo Sodi Cuellar, explic\u00f3 que con la entrada en vigor de la Ley de Amnist\u00eda esperan m\u00e1s de 3 mil solicitudes de liberaci\u00f3n, de las cerca de 32 mil personas privadas de libertad, de las cuales aproximadamente 7.8% tiene posibilidad de amnist\u00eda.<\/p>\n\n\n\n<p>Asimismo, Sodi Cuellar coincidi\u00f3 con el ombudsperson mexiquense en reconocer la colaboraci\u00f3n de los poderes Ejecutivo y Legislativo, de las organizaciones y colectivos sociales, de los organismos aut\u00f3nomos, as\u00ed como de las y los defensores de derechos humanos; y destac\u00f3 particularmente la contribuci\u00f3n de la Codhem para que dicho proceso de amnist\u00eda se d\u00e9 en un marco de absoluto respeto a los derechos humanos.<\/p>\n\n\n\n<p>Finalmente, Olvera Garc\u00eda agradeci\u00f3, &#8220;la confianza que la ley deposita en este Organismo, el m\u00e1s vigente y el m\u00e1s pertinente que nunca; responderemos con reciprocidad para que los justiciables encuentren justicia y puedan reintegrarse a la sociedad. La CODHEM ser\u00e1 escrupulosa en la defensa de aquellos que por deficiencias, impericia o falta de conocimiento, hayan sido encarcelados injustamente.\u201d<\/p>\n\n\n\n<p>A nombre de la Comisi\u00f3n de Derechos Humanos del Estado de M\u00e9xico, Jorge Olvera reconoci\u00f3 a los diputados Maurilio Hern\u00e1ndez, Max Correa, Gerardo Ulloa, Julio Alfonso Hern\u00e1ndez, y en general a todas y todos los integrantes de la LX Legislatura estatal, por el importante impulso que dieron a la Ley de Amnist\u00eda en cada momento de su an\u00e1lisis y hasta su aprobaci\u00f3n.<\/p>\n\n\n\n<p>A la conferencia de prensa asistieron el presidente de la Junta de Coordinaci\u00f3n Pol\u00edtica de la LX Legislatura, diputado Maurilio Hern\u00e1ndez Gonz\u00e1lez; el secretario de Justicia y Derechos Humanos de la entidad, Rodrigo Espeleta Aladro; el titular de la Fiscal\u00eda General de Justicia, Alejandro G\u00f3mez S\u00e1nchez; as\u00ed como diputadas, diputados, jueces y juezas que han sido capacitados en materia de aplicaci\u00f3n de la nueva Ley de Amnist\u00eda.<\/p>\n","protected":false},"excerpt":{"rendered":"<p>La Defensor\u00eda de Habitantes ser\u00e1 escrupulosa en el seguimiento y observaci\u00f3n de esta ley que&#8230;<\/p>\n","protected":false},"author":4,"featured_media":0,"comment_status":"closed","ping_status":"closed","sticky":false,"template":"","format":"standard","meta":{"footnotes":""},"categories":[4],"tags":[],"class_list":["post-19097","post","type-post","status-publish","format-standard","hentry","category-noticias-del-dia"],"_links":{"self":[{"href":"https:\/\/bambapolitica.com.mx\/index.php\/wp-json\/wp\/v2\/posts\/19097","targetHints":{"allow":["GET"]}}],"collection":[{"href":"https:\/\/bambapolitica.com.mx\/index.php\/wp-json\/wp\/v2\/posts"}],"about":[{"href":"https:\/\/bambapolitica.com.mx\/index.php\/wp-json\/wp\/v2\/types\/post"}],"author":[{"embeddable":true,"href":"https:\/\/bambapolitica.com.mx\/index.php\/wp-json\/wp\/v2\/users\/4"}],"replies":[{"embeddable":true,"href":"https:\/\/bambapolitica.com.mx\/index.php\/wp-json\/wp\/v2\/comments?post=19097"}],"version-history":[{"count":1,"href":"https:\/\/bambapolitica.com.mx\/index.php\/wp-json\/wp\/v2\/posts\/19097\/revisions"}],"predecessor-version":[{"id":19106,"href":"https:\/\/bambapolitica.com.mx\/index.php\/wp-json\/wp\/v2\/posts\/19097\/revisions\/19106"}],"wp:attachment":[{"href":"https:\/\/bambapolitica.com.mx\/index.php\/wp-json\/wp\/v2\/media?parent=19097"}],"wp:term":[{"taxonomy":"category","embeddable":true,"href":"https:\/\/bambapolitica.com.mx\/index.php\/wp-json\/wp\/v2\/categories?post=19097"},{"taxonomy":"post_tag","embeddable":true,"href":"https:\/\/bambapolitica.com.mx\/index.php\/wp-json\/wp\/v2\/tags?post=19097"}],"curies":[{"name":"wp","href":"https:\/\/api.w.org\/{rel}","templated":true}]}}