{"id":19185,"date":"2021-03-06T13:23:07","date_gmt":"2021-03-06T19:23:07","guid":{"rendered":"http:\/\/bambapolitica.com.mx\/?p=19185"},"modified":"2021-03-06T13:23:07","modified_gmt":"2021-03-06T19:23:07","slug":"atiende-ecologia-peticiones-ciudadanas-en-temas-ambientales-ixtapaluca","status":"publish","type":"post","link":"https:\/\/bambapolitica.com.mx\/index.php\/2021\/03\/06\/atiende-ecologia-peticiones-ciudadanas-en-temas-ambientales-ixtapaluca\/","title":{"rendered":"Atiende Ecolog\u00eda peticiones ciudadanas en temas ambientales: Ixtapaluca"},"content":{"rendered":"\n<p>Para procurar y atender los temas referentes al cuidado del medio ambiente, flora y fauna, la subdirecci\u00f3n de Ecolog\u00eda pone a disposici\u00f3n de la poblaci\u00f3n el servicio del departamento forestal, el registro ambiental municipal, as\u00ed como la coordinaci\u00f3n de cultura y educaci\u00f3n ambiental.<\/p>\n\n\n\n<figure class=\"wp-block-gallery columns-3 is-cropped wp-block-gallery-1 is-layout-flex wp-block-gallery-is-layout-flex\"><ul class=\"blocks-gallery-grid\"><li class=\"blocks-gallery-item\"><figure><img decoding=\"async\" src=\"https:\/\/bambapolitica.com.mx\/wp-content\/uploads\/2021\/03\/Actividades-de-la-Subdirecci\u00f3n-de-Ecolog\u00eda-en-Ixtapaluca-01-1-1024x683.jpg\" alt=\"\" data-id=\"19187\" data-full-url=\"https:\/\/bambapolitica.com.mx\/wp-content\/uploads\/2021\/03\/Actividades-de-la-Subdirecci\u00f3n-de-Ecolog\u00eda-en-Ixtapaluca-01-1-scaled.jpg\" data-link=\"https:\/\/bambapolitica.com.mx\/?attachment_id=19187\" class=\"wp-image-19187\"\/><\/figure><\/li><li class=\"blocks-gallery-item\"><figure><img decoding=\"async\" src=\"https:\/\/bambapolitica.com.mx\/wp-content\/uploads\/2021\/03\/Actividades-de-la-Subdirecci\u00f3n-de-Ecolog\u00eda-en-Ixtapaluca-03-1024x683.jpg\" alt=\"\" data-id=\"19188\" data-full-url=\"https:\/\/bambapolitica.com.mx\/wp-content\/uploads\/2021\/03\/Actividades-de-la-Subdirecci\u00f3n-de-Ecolog\u00eda-en-Ixtapaluca-03-scaled.jpg\" data-link=\"https:\/\/bambapolitica.com.mx\/?attachment_id=19188\" class=\"wp-image-19188\"\/><\/figure><\/li><li class=\"blocks-gallery-item\"><figure><img decoding=\"async\" src=\"https:\/\/bambapolitica.com.mx\/wp-content\/uploads\/2021\/03\/Actividades-de-la-Subdirecci\u00f3n-de-Ecolog\u00eda-en-Ixtapaluca-02-1024x683.jpg\" alt=\"\" data-id=\"19189\" data-full-url=\"https:\/\/bambapolitica.com.mx\/wp-content\/uploads\/2021\/03\/Actividades-de-la-Subdirecci\u00f3n-de-Ecolog\u00eda-en-Ixtapaluca-02-scaled.jpg\" data-link=\"https:\/\/bambapolitica.com.mx\/?attachment_id=19189\" class=\"wp-image-19189\"\/><\/figure><\/li><\/ul><\/figure>\n\n\n\n<p>Eynar Vel\u00e1zquez Segoviano, subdirector del \u00e1rea, mencion\u00f3 que en esta temporada donde las temperaturas son elevadas, se incrementa el riesgo de presentarse incendios forestales, por ende la subdirecci\u00f3n est\u00e1 en constante coordinaci\u00f3n con los ejidos, dado que Ixtapaluca es un municipio en el que gran parte de su territorio es forestal.<\/p>\n\n\n\n<p>Precis\u00f3 que es de suma importancia brindar el apoyo a las brigadas forestales, es por eso que una vez al a\u00f1o se les otorgan herramientas contra incendios forestales como palas tipo forestal, picos, machetes y cascos.<\/p>\n\n\n\n<p>De igual forma se realizan cursos virtuales para combatir los incendios forestales, a los que se suman diferentes autoridades, as\u00ed como ejidatarios para seguir instrucciones para las brigadas forestales.<\/p>\n\n\n\n<p>La subdirecci\u00f3n tambi\u00e9n cuenta con la Coordinaci\u00f3n de cultura y educaci\u00f3n ambiental, que tiene a su cargo la difusi\u00f3n de la prevenci\u00f3n, conservaci\u00f3n y preservaci\u00f3n del cuidado del medio ambiente en todas sus aristas, as\u00ed como la difusi\u00f3n y cultura al cuidado de los derechos de los animales, es el v\u00ednculo con las dependencias estatales. Est\u00e1 en constante contacto con la ciudadan\u00eda para dar a conocer las acciones que realiza la subdirecci\u00f3n.<\/p>\n\n\n\n<p>Vel\u00e1zquez Segoviano hizo una invitaci\u00f3n a la ciudadan\u00eda a seguir al pendiente de las actividades que realiza constantemente la subdirecci\u00f3n, debido a la pandemia por COVID-19, son de forma virtual sin embargo es de vital importancia la participaci\u00f3n de todas y todos los ixtapaluquenses.<\/p>\n\n\n\n<p>Para cualquier petici\u00f3n pueden comunicarse a L\u00ednea directa del Ayuntamiento al 26 06 73 27 ext. 2084 o acudir a las instalaciones de la subdirecci\u00f3n ubicadas a un costado del auditorio municipal.<\/p>\n","protected":false},"excerpt":{"rendered":"<p>Para procurar y atender los temas referentes al cuidado del medio ambiente, flora y fauna,&#8230;<\/p>\n","protected":false},"author":4,"featured_media":0,"comment_status":"closed","ping_status":"closed","sticky":false,"template":"","format":"standard","meta":{"footnotes":""},"categories":[4],"tags":[],"class_list":["post-19185","post","type-post","status-publish","format-standard","hentry","category-noticias-del-dia"],"_links":{"self":[{"href":"https:\/\/bambapolitica.com.mx\/index.php\/wp-json\/wp\/v2\/posts\/19185","targetHints":{"allow":["GET"]}}],"collection":[{"href":"https:\/\/bambapolitica.com.mx\/index.php\/wp-json\/wp\/v2\/posts"}],"about":[{"href":"https:\/\/bambapolitica.com.mx\/index.php\/wp-json\/wp\/v2\/types\/post"}],"author":[{"embeddable":true,"href":"https:\/\/bambapolitica.com.mx\/index.php\/wp-json\/wp\/v2\/users\/4"}],"replies":[{"embeddable":true,"href":"https:\/\/bambapolitica.com.mx\/index.php\/wp-json\/wp\/v2\/comments?post=19185"}],"version-history":[{"count":1,"href":"https:\/\/bambapolitica.com.mx\/index.php\/wp-json\/wp\/v2\/posts\/19185\/revisions"}],"predecessor-version":[{"id":19190,"href":"https:\/\/bambapolitica.com.mx\/index.php\/wp-json\/wp\/v2\/posts\/19185\/revisions\/19190"}],"wp:attachment":[{"href":"https:\/\/bambapolitica.com.mx\/index.php\/wp-json\/wp\/v2\/media?parent=19185"}],"wp:term":[{"taxonomy":"category","embeddable":true,"href":"https:\/\/bambapolitica.com.mx\/index.php\/wp-json\/wp\/v2\/categories?post=19185"},{"taxonomy":"post_tag","embeddable":true,"href":"https:\/\/bambapolitica.com.mx\/index.php\/wp-json\/wp\/v2\/tags?post=19185"}],"curies":[{"name":"wp","href":"https:\/\/api.w.org\/{rel}","templated":true}]}}