{"id":19201,"date":"2021-03-06T13:31:40","date_gmt":"2021-03-06T19:31:40","guid":{"rendered":"http:\/\/bambapolitica.com.mx\/?p=19201"},"modified":"2021-03-06T13:31:41","modified_gmt":"2021-03-06T19:31:41","slug":"en-nezahualcoyotl-un-hombre-pierde-la-vida-al-ser-baleado-luego-de-una-discusion-entre-policias-y-taxista","status":"publish","type":"post","link":"https:\/\/bambapolitica.com.mx\/index.php\/2021\/03\/06\/en-nezahualcoyotl-un-hombre-pierde-la-vida-al-ser-baleado-luego-de-una-discusion-entre-policias-y-taxista\/","title":{"rendered":"En Nezahualc\u00f3yotl un hombre pierde la vida al ser baleado, luego de una discusi\u00f3n entre polic\u00edas y taxista"},"content":{"rendered":"\n<p>Nezahualc\u00f3yotl, Edom\u00e9x. 5 de marzo de 2021.<\/p>\n\n\n\n<p>Una persona del sexo masculino pierde la vida, supuestamente, a manos de polic\u00edas municipales, cuando se encontraba junto con un amigo, dentro de su veh\u00edculo, afuera de las instalaciones del Oficial Conciliador de Nezahualc\u00f3yotl, de la colonia Campestre Guadalupana , ya que hab\u00edan ido a investigar la detenci\u00f3n de un compa\u00f1ero que es taxista, por un incidente vial, cuando de pronto comenz\u00f3 una ri\u00f1a y los polic\u00edas tiraron balazos hacia ellos.<\/p>\n\n\n\n<figure class=\"wp-block-gallery columns-3 is-cropped wp-block-gallery-1 is-layout-flex wp-block-gallery-is-layout-flex\"><ul class=\"blocks-gallery-grid\"><li class=\"blocks-gallery-item\"><figure><img decoding=\"async\" src=\"https:\/\/bambapolitica.com.mx\/wp-content\/uploads\/2021\/03\/wp-16149984971237067131032885677825-1-576x1024.jpg\" alt=\"\" data-id=\"19204\" data-full-url=\"https:\/\/bambapolitica.com.mx\/wp-content\/uploads\/2021\/03\/wp-16149984971237067131032885677825-1.jpg\" data-link=\"https:\/\/bambapolitica.com.mx\/?attachment_id=19204\" class=\"wp-image-19204\"\/><\/figure><\/li><li class=\"blocks-gallery-item\"><figure><img decoding=\"async\" src=\"https:\/\/bambapolitica.com.mx\/wp-content\/uploads\/2021\/03\/wp-16149985208851370350691284186019.jpg\" alt=\"\" data-id=\"19205\" data-full-url=\"https:\/\/bambapolitica.com.mx\/wp-content\/uploads\/2021\/03\/wp-16149985208851370350691284186019.jpg\" data-link=\"https:\/\/bambapolitica.com.mx\/?attachment_id=19205\" class=\"wp-image-19205\"\/><\/figure><\/li><li class=\"blocks-gallery-item\"><figure><img decoding=\"async\" src=\"https:\/\/bambapolitica.com.mx\/wp-content\/uploads\/2021\/03\/wp-16149985751299031641502203975637.jpg\" alt=\"\" data-id=\"19206\" data-full-url=\"https:\/\/bambapolitica.com.mx\/wp-content\/uploads\/2021\/03\/wp-16149985751299031641502203975637.jpg\" data-link=\"https:\/\/bambapolitica.com.mx\/?attachment_id=19206\" class=\"wp-image-19206\"\/><\/figure><\/li><\/ul><\/figure>\n\n\n\n<p>Los hechos se presentaron esta tarde, en el municipio de Nezahualc\u00f3yotl, cuando un hombre, que se identific\u00f3 como Juan Carlos de 29 a\u00f1os, lleg\u00f3 en un veh\u00edculo de la marca Nissan, tipo TIIDA, color negro, con placas de circulaci\u00f3n NLX-79-01 del Estado de M\u00e9xico, se estacion\u00f3 frente al acceso de ambulancias de la Cruz Roja de la colonia Campestre Guadalupana, ubicada en Calle 25.<\/p>\n\n\n\n<p>En ese lugar el hombre ped\u00eda que se atendieran a su amigo, ya que estaba herido, porque hab\u00edan sido atacados a balazos por parte de polic\u00edas municipales.<br>Eran casi las 18:00 horas , cuando se dio parte a las autoridades sobre lo que sucedido, por lo que llegaron al lugar elementos de Seguridad Ciudadana Municipal y pidieron revisar al herido, pero desafortunadamente ya hab\u00eda perdido la vida.<\/p>\n\n\n\n<p>La v\u00edctima fue identificada como Gerardo \u00abN\u00bb, el cual se encuentra vestido y calzado, y a quien se le aprecia una lesi\u00f3n producida por proyectil disparado por arma de fuego en la extremidad cef\u00e1lica.<br>El hoy occiso se encontr\u00f3 en el asiento trasero del lado del chofer, aunque a simple vista no le aprecian heridas por disparos de arma de fuego, hasta que fue revisado.<\/p>\n\n\n\n<p>El testigo presencial de los hechos, refiere que quienes privaron de la vida a su amigo fueron Polic\u00edas Municipales de Nezahualc\u00f3yotl, en virtud de que el occiso era chofer de un taxi y tras acudir a las instalaciones del Oficial Conciliador de Nezahualc\u00f3yotl de la Campestre Guadalupana, para tratar de ayudar a un compa\u00f1ero que se lo llevaron detenido por un accidente de tr\u00e1nsito de veh\u00edculo.<br>As\u00ed es como comienzan a discutir con los Polic\u00edas que se encontraban en el lugar, hasta que comienzan a golpearse los taxistas contra varios polic\u00edas.<br>Al mismo tiempo, seg\u00fan informa el testigo, \u00e9l y su amigo deciden subirse a su veh\u00edculo, para evitar el enfrentamiento, y de disponen a retirarse del lugar y al ir circulando, es que observan como polic\u00edas municipales comienzan a disparar sus armas de fuego en contra de ellos, lesionando al hoy occiso, por lo cual de inmediato lo llevan a la Cruz Roja de Campestre Guadalupana, en donde lleg\u00f3 sin signos vitales.<\/p>\n\n\n\n<p>LA VERSI\u00d3N DE LAS AUTORIDADES<\/p>\n\n\n\n<p>Por su parte, Jorge Amador Amador, jefe de la polic\u00eda de Nezahualc\u00f3yotl, indic\u00f3 que van a cooperar con la Fiscal\u00eda General de Justicia del Estado de M\u00e9xico ( FGJEM), para que se investiguen los hechos, ya que pudieron haber disparado polic\u00edas o tal vez no, pero que eso lo tendr\u00e1n que determinar las autoridades ministeriales.<\/p>\n\n\n\n<p>Por el momento, Amador Amador estableci\u00f3 que no hay ning\u00fan uniformado puesto a disposici\u00f3n de las autoridades ministeriales; sin embargo, acudir\u00e1n en cuanto se les solicite para colaborar con ellos.<\/p>\n","protected":false},"excerpt":{"rendered":"<p>Nezahualc\u00f3yotl, Edom\u00e9x. 5 de marzo de 2021. Una persona del sexo masculino pierde la vida,&#8230;<\/p>\n","protected":false},"author":4,"featured_media":0,"comment_status":"closed","ping_status":"closed","sticky":false,"template":"","format":"standard","meta":{"footnotes":""},"categories":[4],"tags":[],"class_list":["post-19201","post","type-post","status-publish","format-standard","hentry","category-noticias-del-dia"],"_links":{"self":[{"href":"https:\/\/bambapolitica.com.mx\/index.php\/wp-json\/wp\/v2\/posts\/19201","targetHints":{"allow":["GET"]}}],"collection":[{"href":"https:\/\/bambapolitica.com.mx\/index.php\/wp-json\/wp\/v2\/posts"}],"about":[{"href":"https:\/\/bambapolitica.com.mx\/index.php\/wp-json\/wp\/v2\/types\/post"}],"author":[{"embeddable":true,"href":"https:\/\/bambapolitica.com.mx\/index.php\/wp-json\/wp\/v2\/users\/4"}],"replies":[{"embeddable":true,"href":"https:\/\/bambapolitica.com.mx\/index.php\/wp-json\/wp\/v2\/comments?post=19201"}],"version-history":[{"count":1,"href":"https:\/\/bambapolitica.com.mx\/index.php\/wp-json\/wp\/v2\/posts\/19201\/revisions"}],"predecessor-version":[{"id":19207,"href":"https:\/\/bambapolitica.com.mx\/index.php\/wp-json\/wp\/v2\/posts\/19201\/revisions\/19207"}],"wp:attachment":[{"href":"https:\/\/bambapolitica.com.mx\/index.php\/wp-json\/wp\/v2\/media?parent=19201"}],"wp:term":[{"taxonomy":"category","embeddable":true,"href":"https:\/\/bambapolitica.com.mx\/index.php\/wp-json\/wp\/v2\/categories?post=19201"},{"taxonomy":"post_tag","embeddable":true,"href":"https:\/\/bambapolitica.com.mx\/index.php\/wp-json\/wp\/v2\/tags?post=19201"}],"curies":[{"name":"wp","href":"https:\/\/api.w.org\/{rel}","templated":true}]}}