{"id":19209,"date":"2021-03-06T13:34:34","date_gmt":"2021-03-06T19:34:34","guid":{"rendered":"http:\/\/bambapolitica.com.mx\/?p=19209"},"modified":"2021-03-06T13:34:36","modified_gmt":"2021-03-06T19:34:36","slug":"avanzan-los-diferentes-trabajos-del-proyecto-del-polideportivo-de-la-colonia-el-agostadero-en-valle-de-chalco","status":"publish","type":"post","link":"https:\/\/bambapolitica.com.mx\/index.php\/2021\/03\/06\/avanzan-los-diferentes-trabajos-del-proyecto-del-polideportivo-de-la-colonia-el-agostadero-en-valle-de-chalco\/","title":{"rendered":"Avanzan los diferentes trabajos del proyecto del Polideportivo de la colonia El Agostadero en Valle de Chalco"},"content":{"rendered":"\n<p>Valle de Chalco Solidaridad a 5 de marzo de 2021<\/p>\n\n\n\n<p>\u2022 Armando Garc\u00eda M\u00e9ndez, Presidente Municipal de Valle de Chalco Solidaridad, logr\u00f3 rescatar, a trav\u00e9s del proyecto del Polideportivo en la colonia El Agostadero, una importante superficie en beneficio de la comunidad.<\/p>\n\n\n\n<figure class=\"wp-block-image size-large\"><img decoding=\"async\" src=\"https:\/\/bambapolitica.com.mx\/wp-content\/uploads\/2021\/03\/IMG-20210305-WA0239.jpg\" alt=\"\" class=\"wp-image-19213\"\/><\/figure>\n\n\n\n<p>\u2022 El prop\u00f3sito es ofrecer a las ni\u00f1as y ni\u00f1os, j\u00f3venes y deportistas de Valle de Chalco, espacios p\u00fablicos dignos, funcionales, e instalaciones deportivas adecuadas para la pr\u00e1ctica del deporte, adem\u00e1s de otras actividades que contribuyan al progreso social.<\/p>\n\n\n\n<p>Grandes avances reportan las obras del proyecto del Polideportivo que la Administraci\u00f3n 2019-2021 que encabeza Armando Garc\u00eda M\u00e9ndez, construye en la colonia El Agostadero. El prop\u00f3sito es ofrecer a las ni\u00f1as y ni\u00f1os, j\u00f3venes y deportistas de Valle de Chalco, espacios p\u00fablicos dignos, funcionales, e instalaciones deportivas adecuadas para la pr\u00e1ctica del deporte.<\/p>\n\n\n\n<p>La superficie sobre la que se desarrolla el proyecto fue adaptada, ya que debido a su cercan\u00eda con el canal Acapol estuvo abandonada durante muchos a\u00f1os, e inclusive, lleg\u00f3 a ser utilizada por los vecinos como un tiradero clandestino de basura, por lo cual el edil orden\u00f3 el retiro de los desechos y escombros para rescatar este importante espacio en favor de la comunidad.<br>Para proteger las instalaciones deportivas, se coloca un enrejado perimetral, que gracias a su dise\u00f1o ofrece visibilidad, resistencia y est\u00e9tica, adem\u00e1s de acortar de manera importante los tiempos de instalaci\u00f3n.<br>Adem\u00e1s, el terreno fue nivelado, pues la intenci\u00f3n es que las canchas deportivas cuenten con todas las medidas reglamentarias que exige la pr\u00e1ctica segura del deporte; lo que servir\u00e1 para que los deportistas no sufran luxaciones ni lesiones provocadas por jugar en un campo irregular.<\/p>\n\n\n\n<p>Otra mejora notable es la colocaci\u00f3n de rollos de pasto, lo que traer\u00e1 grandes beneficios ambientales, adem\u00e1s de est\u00e9ticos, pues un campo deportivo con estas caracter\u00edsticas proyecta una infraestructura deportiva de calidad, lo que permitir\u00e1 embellecer el Polideportivo y formar\u00e1 parte de una importante \u00e1rea verde.<br>Logr\u00e1ndose, en consecuencia, una superficie de juego firme, estable, \u00f3ptima, nivelada, sin agujeros y que no encharque, independientemente de la mejor apariencia visual, y que en suma, son parte integral de una cancha deportiva de alto rendimiento que servir\u00e1 a la recreaci\u00f3n como al entrenamiento de los j\u00f3venes deportistas.<br>Estas obras, incluyen trabajos de iluminaci\u00f3n, adem\u00e1s de otras mejoras, ya que se busca ofrecer a los j\u00f3venes varias opciones de entretenimiento que les ayuden a desarrollar h\u00e1bitos saludables, ideales para combatir la obesidad y las adicciones, al tiempo que se fomenta la cohesi\u00f3n social, la convivencia, y la integraci\u00f3n familiar.<br>Por lo anterior, las obras que constituyen el proyecto del Polideportivo en su conjunto, son tambi\u00e9n un reflejo del progreso social, y van m\u00e1s all\u00e1 del desarrollo de una cultura del deporte, para insertarse en la formaci\u00f3n orientada en principios c\u00edvicos y \u00e9ticos, como el respeto, la disciplina y la tenacidad. Lo que ayuda en el proceso de reconstrucci\u00f3n del tejido social.<\/p>\n","protected":false},"excerpt":{"rendered":"<p>Valle de Chalco Solidaridad a 5 de marzo de 2021 \u2022 Armando Garc\u00eda M\u00e9ndez, Presidente&#8230;<\/p>\n","protected":false},"author":4,"featured_media":0,"comment_status":"closed","ping_status":"closed","sticky":false,"template":"","format":"standard","meta":{"footnotes":""},"categories":[4],"tags":[],"class_list":["post-19209","post","type-post","status-publish","format-standard","hentry","category-noticias-del-dia"],"_links":{"self":[{"href":"https:\/\/bambapolitica.com.mx\/index.php\/wp-json\/wp\/v2\/posts\/19209","targetHints":{"allow":["GET"]}}],"collection":[{"href":"https:\/\/bambapolitica.com.mx\/index.php\/wp-json\/wp\/v2\/posts"}],"about":[{"href":"https:\/\/bambapolitica.com.mx\/index.php\/wp-json\/wp\/v2\/types\/post"}],"author":[{"embeddable":true,"href":"https:\/\/bambapolitica.com.mx\/index.php\/wp-json\/wp\/v2\/users\/4"}],"replies":[{"embeddable":true,"href":"https:\/\/bambapolitica.com.mx\/index.php\/wp-json\/wp\/v2\/comments?post=19209"}],"version-history":[{"count":1,"href":"https:\/\/bambapolitica.com.mx\/index.php\/wp-json\/wp\/v2\/posts\/19209\/revisions"}],"predecessor-version":[{"id":19214,"href":"https:\/\/bambapolitica.com.mx\/index.php\/wp-json\/wp\/v2\/posts\/19209\/revisions\/19214"}],"wp:attachment":[{"href":"https:\/\/bambapolitica.com.mx\/index.php\/wp-json\/wp\/v2\/media?parent=19209"}],"wp:term":[{"taxonomy":"category","embeddable":true,"href":"https:\/\/bambapolitica.com.mx\/index.php\/wp-json\/wp\/v2\/categories?post=19209"},{"taxonomy":"post_tag","embeddable":true,"href":"https:\/\/bambapolitica.com.mx\/index.php\/wp-json\/wp\/v2\/tags?post=19209"}],"curies":[{"name":"wp","href":"https:\/\/api.w.org\/{rel}","templated":true}]}}