{"id":19212,"date":"2021-03-06T13:37:58","date_gmt":"2021-03-06T19:37:58","guid":{"rendered":"http:\/\/bambapolitica.com.mx\/?p=19212"},"modified":"2021-03-06T13:37:59","modified_gmt":"2021-03-06T19:37:59","slug":"antorcha-se-deslinda-de-los-hechos-violentos-en-contra-del-aspirante-a-presidente-municipal-de-morena","status":"publish","type":"post","link":"https:\/\/bambapolitica.com.mx\/index.php\/2021\/03\/06\/antorcha-se-deslinda-de-los-hechos-violentos-en-contra-del-aspirante-a-presidente-municipal-de-morena\/","title":{"rendered":"Antorcha se deslinda de los hechos violentos en contra del aspirante a presidente municipal de MORENA"},"content":{"rendered":"\n<p>En conferencia de prensa encabezada por la vocera oficial estatal del Movimiento Antorchista. Laura Castillo y a la cual acudieron algunos l\u00edderes de organizaciones incluyendo al l\u00edder del SUTEYM en Chimalhuacan, Ismael Mota, la vocera Laura Castillo luego de decir que MORENA aqu\u00ed en este municipio orquesta una campa\u00f1a negra con contra antorcha, expreso que la organizaci\u00f3n a la que pertenece niega rotundamente haber participado en el incidente que la noche de ayer, (mi\u00e9rcoles) sufri\u00f3 un militante del partido de Morena de nombre Pablo Colores.<\/p>\n\n\n\n<p>Respetuosamente solicitamos a la Fiscal\u00eda General de Justicia del Estado de M\u00e9xico (FGJEM) que realice las investigaciones que considere pertinentes para esclarecer el particular y, en consecuencia, finque responsabilidades legales a quien resulte culpable, as\u00ed se trate de un militante antorchista.<\/p>\n\n\n\n<p>Asimismo a\u00f1adi\u00f3, \u2019solicitamos tanto a la mencionada Fiscal\u00eda como al Instituto Electoral del Estado de M\u00e9xico (IEEM) y a los directivos de la red social Facebook M\u00e9xico, que apliquen las sanciones legales y normativas correspondientes a cada instancia, a las personas que a trav\u00e9s de ciertas p\u00e1ginas y perfiles de esa red social, sostienen una campa\u00f1a permanente de agresiones y acusaciones falsas en contra de Antorcha y sus dirigentes\u2019.<br>Desde hace aproximadamente dos meses, puntualizo la vocera Laura Castillo, m\u00e1s de diez p\u00e1ginas de Facebook todas ligadas a militantes del partido Morena desataron una campa\u00f1a negra para desprestigiar a los dirigentes de Antorcha -miembros del Proyecto Nuevo Chimalhuac\u00e1n (PNCh)-, con el claro objetivo de desprestigiarlos entre la ciudadan\u00eda dado que los procesos electorales estatal y federal est\u00e1n a punto de iniciar y ven venir su estrepitosa derrota.<\/p>\n\n\n\n<p>Como es pr\u00e1ctica com\u00fan de quienes acusan sin pruebas, los morenistas se protegen bajo el anonimato: sus p\u00e1ginas no tienen foto de perfil real, ni nombre de persona real y todas son de reciente creaci\u00f3n\u2019.<\/p>\n\n\n\n<p>Desde hace 33 a\u00f1os, Antorcha ha gestionado acciones de beneficio social para los habitantes del municipio y siempre lo hemos hecho dentro del marco de la ley. Por ello, durante todo este tiempo nadie ha podido presentar una sola prueba en contra de los supuestos delitos que dicen hemos cometido los antorchistas.<\/p>\n\n\n\n<p>No obstante manifest\u00f3, \u2019cada tres a\u00f1os nuestros adversarios pol\u00edticos vuelven a mentir y a calumniarnos a fin de enrarecer el clima pol\u00edtico electoral y confundir al electorado. Mucho m\u00e1s ahora que L\u00f3pez Obrador no estar\u00e1 en la boleta electoral y, por tanto, su derrota ser\u00e1 inminente porque los candidatos del Proyecto Nuevo Chimalhuac\u00e1n (PNCh) les llevan una enorme ventaja en lo referente a las preferencias electorales porque ni los diputados federales ni los locales, todos de filiaci\u00f3n morenista, no han hecho nada por los chimalhuacanos y su inacci\u00f3n la disfrazan con ataques.<\/p>\n\n\n\n<p>\u2019No hay duda de que por eso los morenistas recurren a las noticias falsas -mejor conocidas en redes sociales como fake news-, las cuales casi siempre enmarcan en un exagerado clima de inseguridad. <\/p>\n\n\n\n<p>En el mismo marco de acusaciones falsas se encuentra la marcha anunciada por los morenistas, la cual dicen realizar\u00e1n frente a Palacio Nacional. Cabe mencionar que esa perversa estrategia de lanzar calumnias para desprestigiar al adversario, tambi\u00e9n la est\u00e1 aplicando Morena en el municipio de Ixtapaluca, el cual, como saben, est\u00e1 dirigido por una distinguida militante de Antorcha.<\/p>\n\n\n\n<p>El derecho a la libertad de expresi\u00f3n no le da libertad a nadie para calumniar y difamar a ciudadanos honestos y trabajadores, ni para perturbar el orden p\u00fablico, como est\u00e1 asentado en el art\u00edculo 6\u00ba de la Constituci\u00f3n mexicana.<\/p>\n\n\n\n<p>Por ello, en Antorcha nos reservamos el derecho a denunciar jur\u00eddicamente a quienes acusen sin pruebas y difamen a Antorcha o a sus militantes.<\/p>\n\n\n\n<p>Asimismo, anunciamos p\u00fablicamente que notificaremos al Instituto Electoral del Estado de M\u00e9xico acerca de las pr\u00e1cticas ilegales en que incurren los militantes de Morena en contra de sus adversarios pol\u00edticos, en particular en contra de los candidatos emanados del PNCh y solicitaremos que d\u00e9 garant\u00edas de seguridad acerca de que en Chimalhuac\u00e1n se llevar\u00e1 a cabo una contienda limpia, transparente y de propuestas, tal como ordenan los principios democr\u00e1ticos.<\/p>\n\n\n\n<p>Tambi\u00e9n solicitaremos a Facebook M\u00e9xico que audite, y en su caso cancele, las p\u00e1ginas digitales que est\u00e1n hechas para agredir y calumniar a Antorcha y no respetan la normatividad de sostener conversaciones digitales verdaderas, propositivas y respetuosas.<\/p>\n\n\n\n<p>Cabe destacar que a pregunta del corresponsal del diario al momento en el sentido de que en el mes de febrero, para la poblaci\u00f3n de este municipio, pues primero se dio el caso del chofer de una unidad Uber quien primero fue secuestrado y posteriormente asesinado y d\u00edas despu\u00e9s su cuerpo fue encontrado en un paraje en la localidad de Los Reyes La Paz, luego el licenciado Juan Carlos Canto.<\/p>\n\n\n\n<p>Que acribillado a balazos cuando sal\u00eda de su domicilio en el barrio de San Juan, inmediatamente despu\u00e9s, se dio el caso de los empleados del ayuntamiento quienes fueron balaceados cuando circulaban por calles de Chimalhuacan, y por \u00faltimo el levant\u00f3n del aspirante a presidente municipal Pablo Colores, que ahora se sabe fueron judiciales que seg\u00fan estaban en un operativo? Por presunto secuestro.<\/p>\n\n\n\n<p>Al respecto Laura Castillo respondi\u00f3 que todos esos actos de violencia le correspond\u00edan aclararlos al gobierno del Estado de M\u00e9xico, a la FGJEM pero no al gobierno de Chimalhuacan, expreso.<\/p>\n","protected":false},"excerpt":{"rendered":"<p>En conferencia de prensa encabezada por la vocera oficial estatal del Movimiento Antorchista. Laura Castillo&#8230;<\/p>\n","protected":false},"author":4,"featured_media":0,"comment_status":"closed","ping_status":"closed","sticky":false,"template":"","format":"standard","meta":{"footnotes":""},"categories":[4],"tags":[],"class_list":["post-19212","post","type-post","status-publish","format-standard","hentry","category-noticias-del-dia"],"_links":{"self":[{"href":"https:\/\/bambapolitica.com.mx\/index.php\/wp-json\/wp\/v2\/posts\/19212","targetHints":{"allow":["GET"]}}],"collection":[{"href":"https:\/\/bambapolitica.com.mx\/index.php\/wp-json\/wp\/v2\/posts"}],"about":[{"href":"https:\/\/bambapolitica.com.mx\/index.php\/wp-json\/wp\/v2\/types\/post"}],"author":[{"embeddable":true,"href":"https:\/\/bambapolitica.com.mx\/index.php\/wp-json\/wp\/v2\/users\/4"}],"replies":[{"embeddable":true,"href":"https:\/\/bambapolitica.com.mx\/index.php\/wp-json\/wp\/v2\/comments?post=19212"}],"version-history":[{"count":1,"href":"https:\/\/bambapolitica.com.mx\/index.php\/wp-json\/wp\/v2\/posts\/19212\/revisions"}],"predecessor-version":[{"id":19221,"href":"https:\/\/bambapolitica.com.mx\/index.php\/wp-json\/wp\/v2\/posts\/19212\/revisions\/19221"}],"wp:attachment":[{"href":"https:\/\/bambapolitica.com.mx\/index.php\/wp-json\/wp\/v2\/media?parent=19212"}],"wp:term":[{"taxonomy":"category","embeddable":true,"href":"https:\/\/bambapolitica.com.mx\/index.php\/wp-json\/wp\/v2\/categories?post=19212"},{"taxonomy":"post_tag","embeddable":true,"href":"https:\/\/bambapolitica.com.mx\/index.php\/wp-json\/wp\/v2\/tags?post=19212"}],"curies":[{"name":"wp","href":"https:\/\/api.w.org\/{rel}","templated":true}]}}