{"id":19317,"date":"2021-03-08T10:58:02","date_gmt":"2021-03-08T16:58:02","guid":{"rendered":"http:\/\/bambapolitica.com.mx\/?p=19317"},"modified":"2021-03-08T10:59:20","modified_gmt":"2021-03-08T16:59:20","slug":"murio-cepillin-el-iconico-payasito-de-la-tele","status":"publish","type":"post","link":"https:\/\/bambapolitica.com.mx\/index.php\/2021\/03\/08\/murio-cepillin-el-iconico-payasito-de-la-tele\/","title":{"rendered":"Muri\u00f3 \u2018Cepill\u00edn\u2019, el ic\u00f3nico payasito de la tele"},"content":{"rendered":"\n<p>V\u00edctima de complicaciones por un c\u00e1ncer contra el que luchaba, muri\u00f3 a los 75 a\u00f1os Ricardo Gonz\u00e1lez, conocido por su ic\u00f3nico personaje &#8216;Cepill\u00edn&#8217;<\/p>\n\n\n\n<figure class=\"wp-block-embed-youtube wp-block-embed is-type-video is-provider-youtube wp-embed-aspect-16-9 wp-has-aspect-ratio\"><div class=\"wp-block-embed__wrapper\">\n<iframe loading=\"lazy\" title=\"Cepill\u00edn La Feria de Cepillin ( VIDEO OFICIAL HD)\" width=\"640\" height=\"360\" src=\"https:\/\/www.youtube.com\/embed\/_yNRCjMpTNg?feature=oembed\" frameborder=\"0\" allow=\"accelerometer; autoplay; clipboard-write; encrypted-media; gyroscope; picture-in-picture; web-share\" referrerpolicy=\"strict-origin-when-cross-origin\" allowfullscreen><\/iframe>\n<\/div><\/figure>\n\n\n\n<p>Nacido en Monterrey, Nuevo Le\u00f3n, el 7 de febrero de 1946, \u2018Cepill\u00edn\u2019 fue reconocido en la televisi\u00f3n mexicana y de Am\u00e9rica Latina por ser presentador de televisi\u00f3n y cantante mexicano de m\u00fasica para ni\u00f1os.<\/p>\n\n\n\n<p>En d\u00edas pasado, se someti\u00f3 a una cirug\u00eda de emergencia tras presentar malestar en la columna vertebral, raz\u00f3n que lo hizo volver al hospital.<\/p>\n\n\n\n<p>En estado de salud delicada, el domingo fue intubado tras entrar a terapia intensiva debido a la neumon\u00eda e insuficiencia cardiaca que presentaba, confirm\u00f3 Ricardo Gonz\u00e1lez Guajardo, su hijo.<\/p>\n\n\n\n<p>Los \u00faltimos proyectos en los que trabaj\u00f3 fueron al lado de sus hijos Cepi, Franky y Sergio Antonio Maldonado Carreto en Estados Unidos.<\/p>\n\n\n\n<p>LopezDoriga.com<\/p>\n","protected":false},"excerpt":{"rendered":"<p>V\u00edctima de complicaciones por un c\u00e1ncer contra el que luchaba, muri\u00f3 a los 75 a\u00f1os&#8230;<\/p>\n","protected":false},"author":4,"featured_media":0,"comment_status":"closed","ping_status":"closed","sticky":false,"template":"","format":"standard","meta":{"footnotes":""},"categories":[4],"tags":[],"class_list":["post-19317","post","type-post","status-publish","format-standard","hentry","category-noticias-del-dia"],"_links":{"self":[{"href":"https:\/\/bambapolitica.com.mx\/index.php\/wp-json\/wp\/v2\/posts\/19317","targetHints":{"allow":["GET"]}}],"collection":[{"href":"https:\/\/bambapolitica.com.mx\/index.php\/wp-json\/wp\/v2\/posts"}],"about":[{"href":"https:\/\/bambapolitica.com.mx\/index.php\/wp-json\/wp\/v2\/types\/post"}],"author":[{"embeddable":true,"href":"https:\/\/bambapolitica.com.mx\/index.php\/wp-json\/wp\/v2\/users\/4"}],"replies":[{"embeddable":true,"href":"https:\/\/bambapolitica.com.mx\/index.php\/wp-json\/wp\/v2\/comments?post=19317"}],"version-history":[{"count":2,"href":"https:\/\/bambapolitica.com.mx\/index.php\/wp-json\/wp\/v2\/posts\/19317\/revisions"}],"predecessor-version":[{"id":19320,"href":"https:\/\/bambapolitica.com.mx\/index.php\/wp-json\/wp\/v2\/posts\/19317\/revisions\/19320"}],"wp:attachment":[{"href":"https:\/\/bambapolitica.com.mx\/index.php\/wp-json\/wp\/v2\/media?parent=19317"}],"wp:term":[{"taxonomy":"category","embeddable":true,"href":"https:\/\/bambapolitica.com.mx\/index.php\/wp-json\/wp\/v2\/categories?post=19317"},{"taxonomy":"post_tag","embeddable":true,"href":"https:\/\/bambapolitica.com.mx\/index.php\/wp-json\/wp\/v2\/tags?post=19317"}],"curies":[{"name":"wp","href":"https:\/\/api.w.org\/{rel}","templated":true}]}}