{"id":19587,"date":"2021-03-12T09:57:52","date_gmt":"2021-03-12T15:57:52","guid":{"rendered":"http:\/\/bambapolitica.com.mx\/?p=19587"},"modified":"2021-03-12T09:57:54","modified_gmt":"2021-03-12T15:57:54","slug":"en-chimalhuacan-continuan-realizando-jornadas-de-desinfeccion","status":"publish","type":"post","link":"https:\/\/bambapolitica.com.mx\/index.php\/2021\/03\/12\/en-chimalhuacan-continuan-realizando-jornadas-de-desinfeccion\/","title":{"rendered":"En Chimalhuac\u00e1n contin\u00faan realizando jornadas de desinfecci\u00f3n"},"content":{"rendered":"\n<p>Como parte de las medidas sanitarias para combatir el COVID-19, el Organismo Descentralizado de Agua Potable, Alcantarillado y Saneamiento (ODAPAS) Chimalhuac\u00e1n, reforz\u00f3 el programa de Jornadas de Desinfecci\u00f3n en espacios p\u00fablicos y vialidades, recorriendo esta semana la comunidad Villa de San Agust\u00edn.<\/p>\n\n\n\n<figure class=\"wp-block-gallery columns-3 is-cropped wp-block-gallery-1 is-layout-flex wp-block-gallery-is-layout-flex\"><ul class=\"blocks-gallery-grid\"><li class=\"blocks-gallery-item\"><figure><img decoding=\"async\" src=\"https:\/\/bambapolitica.com.mx\/wp-content\/uploads\/2021\/03\/jornada-en-San-Agust\u00edn-1-1024x683.jpg\" alt=\"\" data-id=\"19591\" data-full-url=\"https:\/\/bambapolitica.com.mx\/wp-content\/uploads\/2021\/03\/jornada-en-San-Agust\u00edn-1-scaled.jpg\" data-link=\"https:\/\/bambapolitica.com.mx\/?attachment_id=19591\" class=\"wp-image-19591\"\/><\/figure><\/li><li class=\"blocks-gallery-item\"><figure><img decoding=\"async\" src=\"https:\/\/bambapolitica.com.mx\/wp-content\/uploads\/2021\/03\/jornada-en-San-Agust\u00edn-2-1024x682.jpg\" alt=\"\" data-id=\"19592\" data-full-url=\"https:\/\/bambapolitica.com.mx\/wp-content\/uploads\/2021\/03\/jornada-en-San-Agust\u00edn-2.jpg\" data-link=\"https:\/\/bambapolitica.com.mx\/?attachment_id=19592\" class=\"wp-image-19592\"\/><\/figure><\/li><li class=\"blocks-gallery-item\"><figure><img decoding=\"async\" src=\"https:\/\/bambapolitica.com.mx\/wp-content\/uploads\/2021\/03\/jornada-en-San-Agust\u00edn-3-683x1024.jpg\" alt=\"\" data-id=\"19593\" data-full-url=\"https:\/\/bambapolitica.com.mx\/wp-content\/uploads\/2021\/03\/jornada-en-San-Agust\u00edn-3-scaled.jpg\" data-link=\"https:\/\/bambapolitica.com.mx\/?attachment_id=19593\" class=\"wp-image-19593\"\/><\/figure><\/li><li class=\"blocks-gallery-item\"><figure><img decoding=\"async\" src=\"https:\/\/bambapolitica.com.mx\/wp-content\/uploads\/2021\/03\/jornada-en-San-Agust\u00edn-4-1024x683.jpg\" alt=\"\" data-id=\"19594\" data-full-url=\"https:\/\/bambapolitica.com.mx\/wp-content\/uploads\/2021\/03\/jornada-en-San-Agust\u00edn-4-scaled.jpg\" data-link=\"https:\/\/bambapolitica.com.mx\/?attachment_id=19594\" class=\"wp-image-19594\"\/><\/figure><\/li><li class=\"blocks-gallery-item\"><figure><img decoding=\"async\" src=\"https:\/\/bambapolitica.com.mx\/wp-content\/uploads\/2021\/03\/jornada-en-San-Agust\u00edn-5-1-1024x683.jpg\" alt=\"\" data-id=\"19595\" data-full-url=\"https:\/\/bambapolitica.com.mx\/wp-content\/uploads\/2021\/03\/jornada-en-San-Agust\u00edn-5-1-scaled.jpg\" data-link=\"https:\/\/bambapolitica.com.mx\/?attachment_id=19595\" class=\"wp-image-19595\"\/><\/figure><\/li><\/ul><\/figure>\n\n\n\n<p>A trav\u00e9s de unidades cisterna, se roci\u00f3 una soluci\u00f3n sanitizante de hipoclorito de sodio al 13 por ciento, mezclado con agua potable sobre la carpeta asf\u00e1ltica, banquetas, fachadas de viviendas, en las inmediaciones de establecimientos comerciales, hospitales y centros de atenci\u00f3n a la salud.<\/p>\n\n\n\n<p>\u201cSe recorrieron las principales avenidas y calles como Baja California, Nuevo Le\u00f3n, Calvario, Puebla, Conejo, Retamatitla, entre otras\u201d, afirm\u00f3 el titular del ODAPAS, Enrique Gardu\u00f1o Ruiz.<\/p>\n\n\n\n<p>El funcionario explic\u00f3 que durante la pandemia el programa se ha implementado en las comunidades de San Lorenzo, Jardines de San Agust\u00edn, Cabecera Municipal, Xochitenco, San Pedro, Santa Mar\u00eda Nativitas, Acuitlapilco, entre otras.<\/p>\n\n\n\n<p>Autoridades locales exhortaron a la poblaci\u00f3n a seguir actuando con responsabilidad, continuando con las medidas preventivas de higiene y sana distancia.<\/p>\n\n\n\n<p>Cabe destacar que, en caso de presentar s\u00edntomas de enfermedad respiratoria, el gobierno local pone a disposici\u00f3n de la ciudadan\u00eda el n\u00famero telef\u00f3nico y de WhatsApp 55-7583-9049 del Centro de Atenci\u00f3n COVID-TEL, a trav\u00e9s del cual un grupo de especialistas atienden casos sospechosos o confirmados de COVID-19, adem\u00e1s de brindar servicios de psicolog\u00eda y trabajo social.<\/p>\n","protected":false},"excerpt":{"rendered":"<p>Como parte de las medidas sanitarias para combatir el COVID-19, el Organismo Descentralizado de Agua&#8230;<\/p>\n","protected":false},"author":4,"featured_media":0,"comment_status":"closed","ping_status":"closed","sticky":false,"template":"","format":"standard","meta":{"footnotes":""},"categories":[4],"tags":[],"class_list":["post-19587","post","type-post","status-publish","format-standard","hentry","category-noticias-del-dia"],"_links":{"self":[{"href":"https:\/\/bambapolitica.com.mx\/index.php\/wp-json\/wp\/v2\/posts\/19587","targetHints":{"allow":["GET"]}}],"collection":[{"href":"https:\/\/bambapolitica.com.mx\/index.php\/wp-json\/wp\/v2\/posts"}],"about":[{"href":"https:\/\/bambapolitica.com.mx\/index.php\/wp-json\/wp\/v2\/types\/post"}],"author":[{"embeddable":true,"href":"https:\/\/bambapolitica.com.mx\/index.php\/wp-json\/wp\/v2\/users\/4"}],"replies":[{"embeddable":true,"href":"https:\/\/bambapolitica.com.mx\/index.php\/wp-json\/wp\/v2\/comments?post=19587"}],"version-history":[{"count":1,"href":"https:\/\/bambapolitica.com.mx\/index.php\/wp-json\/wp\/v2\/posts\/19587\/revisions"}],"predecessor-version":[{"id":19596,"href":"https:\/\/bambapolitica.com.mx\/index.php\/wp-json\/wp\/v2\/posts\/19587\/revisions\/19596"}],"wp:attachment":[{"href":"https:\/\/bambapolitica.com.mx\/index.php\/wp-json\/wp\/v2\/media?parent=19587"}],"wp:term":[{"taxonomy":"category","embeddable":true,"href":"https:\/\/bambapolitica.com.mx\/index.php\/wp-json\/wp\/v2\/categories?post=19587"},{"taxonomy":"post_tag","embeddable":true,"href":"https:\/\/bambapolitica.com.mx\/index.php\/wp-json\/wp\/v2\/tags?post=19587"}],"curies":[{"name":"wp","href":"https:\/\/api.w.org\/{rel}","templated":true}]}}