{"id":19629,"date":"2021-03-12T12:14:16","date_gmt":"2021-03-12T18:14:16","guid":{"rendered":"http:\/\/bambapolitica.com.mx\/?p=19629"},"modified":"2021-03-12T12:53:29","modified_gmt":"2021-03-12T18:53:29","slug":"legislatura-aprueba-la-laye-anti-chancla","status":"publish","type":"post","link":"https:\/\/bambapolitica.com.mx\/index.php\/2021\/03\/12\/legislatura-aprueba-la-laye-anti-chancla\/","title":{"rendered":"Legislatura aprueba la ley anti chancla"},"content":{"rendered":"\n<p>Prohibido humillar, golpear y maltratar psicol\u00f3gicamente a un menor.<\/p>\n\n\n\n<p>Se les quitar\u00e1 la patria potestad.<\/p>\n\n\n\n<p>La Legislatura del Estado de M\u00e9xico aprob\u00f3 en comisiones; Para la Atenci\u00f3n de Grupos Vulnerables y Para las Declaratorias de Alerta de Violencia de G\u00e9nero Contra las Mujeres por Feminicidio y Desaparici\u00f3n, iniciativa que reforma la Ley de los Derechos de las Ni\u00f1as, Ni\u00f1os y Adolescentes del Estado de M\u00e9xico y la Ley de Educaci\u00f3n y del C\u00f3digo Civil, para prohibir el castigo corporal como m\u00e9todo de correcci\u00f3n.<\/p>\n\n\n\n<p>La iniciativa fue presentada por la Diputada Karina Labastida Sotelo, en nombre del Grupo parlamentario del Partido Morena, quien menciono que esta Ley es conocida como \u201cLey Anti chancla\u201d la cual se ha trabajado desde 2020 para su estudio y an\u00e1lisis.<\/p>\n\n\n\n<figure class=\"wp-block-image\"><img decoding=\"async\" src=\"https:\/\/i1.wp.com\/reporterosenmovimiento.com\/wp-content\/uploads\/2021\/03\/wp-16155050199821163026580614388996.jpg?resize=640%2C426&amp;ssl=1\" alt=\"\" class=\"wp-image-336849\"\/><\/figure>\n\n\n\n<p>\u201cQueda prohibido que quienes tengan trato con ni\u00f1as, ni\u00f1os y adolescentes ejerzan cualquier tipo de violencia en su contra, en particular los castigos corporales y humillantes\u201d destac\u00f3 Karina Labastida.<\/p>\n\n\n\n<p>Labastida Sotelo asever\u00f3 que el tema pone en relieve que no existe espacio para ning\u00fan grado, ni forma de violencia legalizada en contra de las ni\u00f1as, ni\u00f1os y adolescentes, por lo que, los castigos corporales, f\u00edsicos o psicol\u00f3gicos deben erradicarse.<\/p>\n\n\n\n<p>\u201cCabe se\u00f1alar que el pasado 14 de septiembre del a\u00f1o en curso, el Senado de la Rep\u00fablica aprob\u00f3 el dictamen por el que se reforman diversas disposiciones de la Ley General de Derechos de Ni\u00f1as, NI\u00f1os y Adolescentes y el C\u00f3digo Civil Federal. Con ello daremos cumplimiento a la Ley General ya mencionada a incorporar en la legislaci\u00f3n la prohibici\u00f3n expresa el castigo corporal\u201d puntualiz\u00f3 la diputada morenista.<\/p>\n\n\n\n<p>La \u201cLey Anti Chancla\u201d contempla que la convivencia podr\u00e1 suspenderse de acreditarse el uso del castigo corporal, del castigo humillante, as\u00ed como de cualquier otro tipo de violencia ejercida sobre la ni\u00f1a, ni\u00f1o o adolescente como medida disciplinaria o de crianza o educaci\u00f3n.<\/p>\n\n\n\n<p>En el tema educativo, el personal docente no podr\u00e1 hacer uso del castigo corporal, castigo humillante o cualquier tipo de violencia en el proceso en el proceso educativo de las ni\u00f1as, ni\u00f1os y adolescentes.<\/p>\n\n\n\n<p>As\u00ed mismo se implementa la obligaci\u00f3n de toda aquella persona que tenga conocimiento de una ni\u00f1a, ni\u00f1o o adolescente, v\u00edctima de castigo corporal, humillante o cualquier tipo de violencia de hacerlo del conocimiento de la autoridad competente.<\/p>\n\n\n\n<p>Finalmente las personas que no podr\u00e1n desempe\u00f1ar la patria potestad, ser\u00e1n quienes a criterio del juez no garanticen el bien material y moral de la ni\u00f1a, ni\u00f1o y adolescente.<\/p>\n","protected":false},"excerpt":{"rendered":"<p>Prohibido humillar, golpear y maltratar psicol\u00f3gicamente a un menor. Se les quitar\u00e1 la patria potestad&#8230;.<\/p>\n","protected":false},"author":4,"featured_media":0,"comment_status":"closed","ping_status":"closed","sticky":false,"template":"","format":"standard","meta":{"footnotes":""},"categories":[4],"tags":[],"class_list":["post-19629","post","type-post","status-publish","format-standard","hentry","category-noticias-del-dia"],"_links":{"self":[{"href":"https:\/\/bambapolitica.com.mx\/index.php\/wp-json\/wp\/v2\/posts\/19629","targetHints":{"allow":["GET"]}}],"collection":[{"href":"https:\/\/bambapolitica.com.mx\/index.php\/wp-json\/wp\/v2\/posts"}],"about":[{"href":"https:\/\/bambapolitica.com.mx\/index.php\/wp-json\/wp\/v2\/types\/post"}],"author":[{"embeddable":true,"href":"https:\/\/bambapolitica.com.mx\/index.php\/wp-json\/wp\/v2\/users\/4"}],"replies":[{"embeddable":true,"href":"https:\/\/bambapolitica.com.mx\/index.php\/wp-json\/wp\/v2\/comments?post=19629"}],"version-history":[{"count":2,"href":"https:\/\/bambapolitica.com.mx\/index.php\/wp-json\/wp\/v2\/posts\/19629\/revisions"}],"predecessor-version":[{"id":19639,"href":"https:\/\/bambapolitica.com.mx\/index.php\/wp-json\/wp\/v2\/posts\/19629\/revisions\/19639"}],"wp:attachment":[{"href":"https:\/\/bambapolitica.com.mx\/index.php\/wp-json\/wp\/v2\/media?parent=19629"}],"wp:term":[{"taxonomy":"category","embeddable":true,"href":"https:\/\/bambapolitica.com.mx\/index.php\/wp-json\/wp\/v2\/categories?post=19629"},{"taxonomy":"post_tag","embeddable":true,"href":"https:\/\/bambapolitica.com.mx\/index.php\/wp-json\/wp\/v2\/tags?post=19629"}],"curies":[{"name":"wp","href":"https:\/\/api.w.org\/{rel}","templated":true}]}}