{"id":19656,"date":"2021-03-13T12:19:23","date_gmt":"2021-03-13T18:19:23","guid":{"rendered":"http:\/\/bambapolitica.com.mx\/?p=19656"},"modified":"2021-03-13T12:19:25","modified_gmt":"2021-03-13T18:19:25","slug":"detectan-sismo-volcanotectonico-en-el-popocatepetl-y-mas-de-100-exhalaciones","status":"publish","type":"post","link":"https:\/\/bambapolitica.com.mx\/index.php\/2021\/03\/13\/detectan-sismo-volcanotectonico-en-el-popocatepetl-y-mas-de-100-exhalaciones\/","title":{"rendered":"Detectan sismo volcanotect\u00f3nico en el Popocat\u00e9petl y mas de 100 exhalaciones"},"content":{"rendered":"\n<p>Presenta ca\u00edda de ceniza que se dispersa hacia el noroeste.<\/p>\n\n\n\n<p>Sem\u00e1foro de alerta se encuentra en amarillo fase 2.<\/p>\n\n\n\n<p>AMECAMECA. Edom\u00e9x. 12 de marzo de 2021.<\/p>\n\n\n\n<p>En las \u00faltimas 24 horas, mediante los sistemas de monitoreo del volc\u00e1n Popocat\u00e9petl se identificaron 104 exhalaciones y 426 minutos de tremor, acompa\u00f1ados por emisiones de vapor de agua, gases volc\u00e1nicos y ligeras cantidades de ceniza. El d\u00eda de ayer se detect\u00f3 un sismo volcanotect\u00f3nico a las 19:17 horas con magnitud calculada de 1.8.<\/p>\n\n\n\n<figure class=\"wp-block-gallery columns-3 is-cropped wp-block-gallery-1 is-layout-flex wp-block-gallery-is-layout-flex\"><ul class=\"blocks-gallery-grid\"><li class=\"blocks-gallery-item\"><figure><img decoding=\"async\" src=\"https:\/\/bambapolitica.com.mx\/wp-content\/uploads\/2021\/03\/1-1024x775.png\" alt=\"\" data-id=\"19658\" data-full-url=\"https:\/\/bambapolitica.com.mx\/wp-content\/uploads\/2021\/03\/1.png\" data-link=\"https:\/\/bambapolitica.com.mx\/?attachment_id=19658\" class=\"wp-image-19658\"\/><\/figure><\/li><li class=\"blocks-gallery-item\"><figure><img decoding=\"async\" src=\"https:\/\/bambapolitica.com.mx\/wp-content\/uploads\/2021\/03\/2-1-1024x775.png\" alt=\"\" data-id=\"19659\" data-full-url=\"https:\/\/bambapolitica.com.mx\/wp-content\/uploads\/2021\/03\/2-1.png\" data-link=\"https:\/\/bambapolitica.com.mx\/?attachment_id=19659\" class=\"wp-image-19659\"\/><\/figure><\/li><li class=\"blocks-gallery-item\"><figure><img decoding=\"async\" src=\"https:\/\/bambapolitica.com.mx\/wp-content\/uploads\/2021\/03\/3.jpg\" alt=\"\" data-id=\"19660\" data-full-url=\"https:\/\/bambapolitica.com.mx\/wp-content\/uploads\/2021\/03\/3.jpg\" data-link=\"https:\/\/bambapolitica.com.mx\/?attachment_id=19660\" class=\"wp-image-19660\"\/><\/figure><\/li><li class=\"blocks-gallery-item\"><figure><img decoding=\"async\" src=\"https:\/\/bambapolitica.com.mx\/wp-content\/uploads\/2021\/03\/4.jpg\" alt=\"\" data-id=\"19661\" data-full-url=\"https:\/\/bambapolitica.com.mx\/wp-content\/uploads\/2021\/03\/4.jpg\" data-link=\"https:\/\/bambapolitica.com.mx\/?attachment_id=19661\" class=\"wp-image-19661\"\/><\/figure><\/li><\/ul><\/figure>\n\n\n\n<p>Durante la noche, en la ma\u00f1ana y al momento de este reporte se observa emisi\u00f3n intermitente de gases volc\u00e1nicos y en ocasiones ceniza, que se dispersan con direcci\u00f3n noroeste<\/p>\n\n\n\n<p>Como parte del monitoreo del volc\u00e1n Popocat\u00e9petl, personal experto del Instituto de Geof\u00edsica de la Universidad Nacional Aut\u00f3noma de M\u00e9xico (UNAM) y del Centro Nacional de Prevenci\u00f3n de Desastres (CENAPRED), realiz\u00f3 un sobrevuelo, con apoyo de la Guardia Nacional, el 5 de marzo de 2021. Se observ\u00f3 que el cr\u00e1ter interno mantiene un di\u00e1metro de 360 a 390 metros y profundidad aproximada de 150 a 182 metros, el cual est\u00e1 azolvado por material fragmentado diverso (tefra). As\u00ed mismo, se corrobor\u00f3 que no hay un domo de lava dentro del cr\u00e1ter.<\/p>\n\n\n\n<p>El CENAPRED exhorta a NO ACERCARSE al volc\u00e1n y sobre todo al cr\u00e1ter, por el peligro que implica la ca\u00edda de fragmentos bal\u00edsticos (imagen 16) y, en caso de lluvias fuertes, alejarse de los fondos de barrancas por el peligro de flujos de lodo y escombro.<\/p>\n\n\n\n<p>El Sem\u00e1foro de Alerta Volc\u00e1nica del Popocat\u00e9petl se encuentra en AMARILLO FASE 2.<\/p>\n\n\n\n<p>Las recomendaciones para la poblaci\u00f3n ante esta actividad son: No hacer caso a rumores y estar atentos a la informaci\u00f3n que emita la Coordinaci\u00f3n Nacional de Protecci\u00f3n Civil.<\/p>\n\n\n\n<p>Ante la probable ca\u00edda de ceniza se recomienda:<\/p>\n\n\n\n<ol class=\"wp-block-list\"><li>Cubrir nariz y boca con pa\u00f1uelo o cubreboca.<\/li><li>Limpiar ojos y garganta con agua pura.<\/li><li>Utilizar lentes de armaz\u00f3n y evitar los de contacto para reducir la irritaci\u00f3n ocular.<\/li><li>Cerrar ventanas o cubrirlas y permanecer lo m\u00e1s posible dentro de la casa.<\/li><\/ol>\n\n\n\n<p>Los escenarios previstos para esta fase son:<\/p>\n\n\n\n<ol class=\"wp-block-list\"><li>Que contin\u00fae la actividad explosiva de escala baja a intermedia.<\/li><li>Lluvias de ceniza leves a moderadas en poblaciones cercanas.<\/li><li>Posibilidad de flujos pirocl\u00e1sticos y flujos de lodo de corto alcance.<\/li><\/ol>\n\n\n\n<p>RECOMENDACIONES:<\/p>\n\n\n\n<p>Se hace especial \u00e9nfasis en las siguientes recomendaciones:<\/p>\n\n\n\n<ol class=\"wp-block-list\"><li>Continuar con el radio de seguridad de 12 km, por lo que la permanencia en esa \u00e1rea no est\u00e1 permitida.<\/li><li>Controlar el tr\u00e1nsito entre Santiago Xalitzintla y San Pedro Nexapa, v\u00eda Paso de Cort\u00e9s.<\/li><li>A las autoridades de Protecci\u00f3n Civil, mantener sus procedimientos preventivos, de acuerdo con sus planes operativos.<\/li><li>A la poblaci\u00f3n se le recomienda elevar la atenci\u00f3n a los avisos de las autoridades de su localidad y se exhorta a no acercarse al volc\u00e1n, y mucho menos al cr\u00e1ter.<\/li><\/ol>\n","protected":false},"excerpt":{"rendered":"<p>Presenta ca\u00edda de ceniza que se dispersa hacia el noroeste. Sem\u00e1foro de alerta se encuentra&#8230;<\/p>\n","protected":false},"author":4,"featured_media":0,"comment_status":"closed","ping_status":"closed","sticky":false,"template":"","format":"standard","meta":{"footnotes":""},"categories":[4],"tags":[],"class_list":["post-19656","post","type-post","status-publish","format-standard","hentry","category-noticias-del-dia"],"_links":{"self":[{"href":"https:\/\/bambapolitica.com.mx\/index.php\/wp-json\/wp\/v2\/posts\/19656","targetHints":{"allow":["GET"]}}],"collection":[{"href":"https:\/\/bambapolitica.com.mx\/index.php\/wp-json\/wp\/v2\/posts"}],"about":[{"href":"https:\/\/bambapolitica.com.mx\/index.php\/wp-json\/wp\/v2\/types\/post"}],"author":[{"embeddable":true,"href":"https:\/\/bambapolitica.com.mx\/index.php\/wp-json\/wp\/v2\/users\/4"}],"replies":[{"embeddable":true,"href":"https:\/\/bambapolitica.com.mx\/index.php\/wp-json\/wp\/v2\/comments?post=19656"}],"version-history":[{"count":1,"href":"https:\/\/bambapolitica.com.mx\/index.php\/wp-json\/wp\/v2\/posts\/19656\/revisions"}],"predecessor-version":[{"id":19662,"href":"https:\/\/bambapolitica.com.mx\/index.php\/wp-json\/wp\/v2\/posts\/19656\/revisions\/19662"}],"wp:attachment":[{"href":"https:\/\/bambapolitica.com.mx\/index.php\/wp-json\/wp\/v2\/media?parent=19656"}],"wp:term":[{"taxonomy":"category","embeddable":true,"href":"https:\/\/bambapolitica.com.mx\/index.php\/wp-json\/wp\/v2\/categories?post=19656"},{"taxonomy":"post_tag","embeddable":true,"href":"https:\/\/bambapolitica.com.mx\/index.php\/wp-json\/wp\/v2\/tags?post=19656"}],"curies":[{"name":"wp","href":"https:\/\/api.w.org\/{rel}","templated":true}]}}