{"id":20868,"date":"2021-04-01T09:29:49","date_gmt":"2021-04-01T15:29:49","guid":{"rendered":"http:\/\/bambapolitica.com.mx\/?p=20868"},"modified":"2021-04-01T09:29:52","modified_gmt":"2021-04-01T15:29:52","slug":"en-valle-de-chalco-transcurrio-el-primer-dia-de-vacunacion-contra-covid-19","status":"publish","type":"post","link":"https:\/\/bambapolitica.com.mx\/index.php\/2021\/04\/01\/en-valle-de-chalco-transcurrio-el-primer-dia-de-vacunacion-contra-covid-19\/","title":{"rendered":"En Valle de Chalco transcurri\u00f3 el primer d\u00eda de vacunaci\u00f3n contra Covid-19"},"content":{"rendered":"\n<p>&nbsp;El gobierno de Valle de Chalco Solidaridad que encabeza Armando Garc\u00eda M\u00e9ndez, se uni\u00f3 a los trabajos de log\u00edstica.<\/p>\n\n\n\n<p>Alcalde design\u00f3 personal para orientar a los adultos mayores.18:35 hrs.<\/p>\n\n\n\n<p>Para recibir a las mujeres y hombres de 60 a\u00f1os de edad y m\u00e1s, la Administraci\u00f3n 2019-2021, se uni\u00f3 a los trabajos de log\u00edstica que dirigi\u00f3 la Secretar\u00eda de Bienestar y personal de las instituciones de salud del gobierno del Estado de M\u00e9xico, con motivo de la aplicaci\u00f3n de la vacuna contra el covid-19.<\/p>\n\n\n\n<p>Conviene precisar que la vacunaci\u00f3n estar\u00e1 aplic\u00e1ndose los d\u00edas 31 de marzo, 1 de abril, y 2 de abril, de las 7 de la ma\u00f1ana a las 4 de la tarde.<br>La dosis de la vacuna se aplic\u00f3 sin novedad, y los adultos mayores fueron recibidos bajo una carpa de grandes dimensiones, donde hab\u00eda sillas, con el prop\u00f3sito de protegerles del sol, y hacer c\u00f3moda su espera, mientras tocaba su turno a ser inmunizados.<\/p>\n\n\n\n<figure class=\"wp-block-image\"><img decoding=\"async\" src=\"https:\/\/i0.wp.com\/reporterosenmovimiento.com\/wp-content\/uploads\/2021\/03\/wp-16172368678102594910253566936984.jpg?resize=640%2C480&amp;ssl=1\" alt=\"\" class=\"wp-image-339450\"\/><\/figure>\n\n\n\n<p>El Presidente Municipal, Armando Garc\u00eda M\u00e9ndez, design\u00f3 personal para orientar a los adultos mayores y prestarles ayuda con el inter\u00e9s de resolver sus dudas y agilizar su atenci\u00f3n.<br>Por lo que se sanitiza y ofrece gel antibacterial a los adultos mayores y personas con discapacidad, antes de ingresar a los espacios designados para recibir la vacuna contra el covid-19, adem\u00e1s de exhortarles a utilizar correctamente el cubrebocas.<\/p>\n\n\n\n<figure class=\"wp-block-image\"><img decoding=\"async\" src=\"https:\/\/i0.wp.com\/reporterosenmovimiento.com\/wp-content\/uploads\/2021\/03\/wp-16172371876243578988252654981446.jpg?resize=640%2C480&amp;ssl=1\" alt=\"\" class=\"wp-image-339453\"\/><\/figure>\n\n\n\n<p>Se debe precisar, que tambi\u00e9n se cuenta con atenci\u00f3n m\u00e9dica gratuita para las personas que lo requieran antes de ser inmunizadas o despu\u00e9s de recibir la vacuna.<br>Otra medida que se orden\u00f3 para evitar contratiempos fue el cierre de la circulaci\u00f3n sobre la avenida Alfredo del Mazo, en su tramo que va de Xicot\u00e9ncatl hasta Tezoz\u00f3moc, en la colonia Alfredo Baranda, para que de esta forma, las personas que asisten a la vacunaci\u00f3n puedan contar con todas las facilidades posibles.<br>La vacuna se aplic\u00f3 a los adultos mayores que acudieron a la explanada municipal, conforme a la primera letra de su apellido y en el horario designado, de acuerdo a la convocatoria, y debido a esta organizaci\u00f3n, se logr\u00f3 una gran fluidez.<br>Adem\u00e1s, hay que se\u00f1alar que se mont\u00f3 un espacio para atender a las personas con discapacidad con todas las facilidades y medidas de protecci\u00f3n. Este stand, se ubica sobre la avenida Xicot\u00e9ncatl, a un costado del Palacio Municipal, con el objetivo de recibir y brindar una mejor atenci\u00f3n a los adultos mayores del municipio, con la presencia de servidores p\u00fablicos y siervos de la naci\u00f3n.<\/p>\n","protected":false},"excerpt":{"rendered":"<p>&nbsp;El gobierno de Valle de Chalco Solidaridad que encabeza Armando Garc\u00eda M\u00e9ndez, se uni\u00f3 a&#8230;<\/p>\n","protected":false},"author":4,"featured_media":0,"comment_status":"closed","ping_status":"closed","sticky":false,"template":"","format":"standard","meta":{"footnotes":""},"categories":[4],"tags":[],"class_list":["post-20868","post","type-post","status-publish","format-standard","hentry","category-noticias-del-dia"],"_links":{"self":[{"href":"https:\/\/bambapolitica.com.mx\/index.php\/wp-json\/wp\/v2\/posts\/20868","targetHints":{"allow":["GET"]}}],"collection":[{"href":"https:\/\/bambapolitica.com.mx\/index.php\/wp-json\/wp\/v2\/posts"}],"about":[{"href":"https:\/\/bambapolitica.com.mx\/index.php\/wp-json\/wp\/v2\/types\/post"}],"author":[{"embeddable":true,"href":"https:\/\/bambapolitica.com.mx\/index.php\/wp-json\/wp\/v2\/users\/4"}],"replies":[{"embeddable":true,"href":"https:\/\/bambapolitica.com.mx\/index.php\/wp-json\/wp\/v2\/comments?post=20868"}],"version-history":[{"count":1,"href":"https:\/\/bambapolitica.com.mx\/index.php\/wp-json\/wp\/v2\/posts\/20868\/revisions"}],"predecessor-version":[{"id":20878,"href":"https:\/\/bambapolitica.com.mx\/index.php\/wp-json\/wp\/v2\/posts\/20868\/revisions\/20878"}],"wp:attachment":[{"href":"https:\/\/bambapolitica.com.mx\/index.php\/wp-json\/wp\/v2\/media?parent=20868"}],"wp:term":[{"taxonomy":"category","embeddable":true,"href":"https:\/\/bambapolitica.com.mx\/index.php\/wp-json\/wp\/v2\/categories?post=20868"},{"taxonomy":"post_tag","embeddable":true,"href":"https:\/\/bambapolitica.com.mx\/index.php\/wp-json\/wp\/v2\/tags?post=20868"}],"curies":[{"name":"wp","href":"https:\/\/api.w.org\/{rel}","templated":true}]}}