{"id":20870,"date":"2021-04-01T10:49:50","date_gmt":"2021-04-01T16:49:50","guid":{"rendered":"http:\/\/bambapolitica.com.mx\/?p=20870"},"modified":"2021-04-01T10:49:53","modified_gmt":"2021-04-01T16:49:53","slug":"presidente-aleman-se-vacuna-contra-covid-con-astrazeneca","status":"publish","type":"post","link":"https:\/\/bambapolitica.com.mx\/index.php\/2021\/04\/01\/presidente-aleman-se-vacuna-contra-covid-con-astrazeneca\/","title":{"rendered":"Presidente Alem\u00e1n se vacuna contra Covid con AstraZeneca"},"content":{"rendered":"\n<p>El&nbsp;presidente de Alemania&nbsp;fue vacunado con la&nbsp;inyecci\u00f3n de AstraZeneca&nbsp;para el coronavirus, una se\u00f1al de confianza en la vacuna&nbsp;despu\u00e9s de que el pa\u00eds restringiera su uso en personas menores de 60 a\u00f1os.<\/p>\n\n\n\n<p>La oficina presidencial dijo en un comunicado que el presidente Frank-Walter Steinmeier, de 65 a\u00f1os,&nbsp;recibi\u00f3 su primera dosis en un hospital de Berl\u00edn el jueves.<\/p>\n\n\n\n<p>El martes, el panel independiente de&nbsp;expertos en vacunas de Alemania&nbsp;dijo que&nbsp;la vacuna de AstraZeneca no deber\u00eda administrarse de manera rutinaria a menores de 60 a\u00f1os&nbsp;debido a un aumento en los casos reportados de&nbsp;co\u00e1gulos sangu\u00edneos inusuales&nbsp;en los d\u00edas posteriores a la aplicaci\u00f3n.<\/p>\n\n\n\n<p>El gobierno alem\u00e1n sigui\u00f3 la recomendaci\u00f3n y dijo que&nbsp;la vacuna se destinar\u00eda principalmente a los mayores de 60 a\u00f1os. Algunas regiones, incluida Berl\u00edn, abrieron las vacunas para las personas de entre 60 y 70 a\u00f1os, que anteriormente hab\u00edan enfrentado a una espera m\u00e1s larga.<\/p>\n\n\n\n<p>La canciller Angela Merkel, de 66 a\u00f1os, dijo esta semana que estar\u00eda preparada para recibir la vacuna de AstraZeneca. Pero se desconoce cu\u00e1ndo.<\/p>\n","protected":false},"excerpt":{"rendered":"<p>El&nbsp;presidente de Alemania&nbsp;fue vacunado con la&nbsp;inyecci\u00f3n de AstraZeneca&nbsp;para el coronavirus, una se\u00f1al de confianza en&#8230;<\/p>\n","protected":false},"author":4,"featured_media":0,"comment_status":"closed","ping_status":"closed","sticky":false,"template":"","format":"standard","meta":{"footnotes":""},"categories":[5],"tags":[],"class_list":["post-20870","post","type-post","status-publish","format-standard","hentry","category-internacional"],"_links":{"self":[{"href":"https:\/\/bambapolitica.com.mx\/index.php\/wp-json\/wp\/v2\/posts\/20870","targetHints":{"allow":["GET"]}}],"collection":[{"href":"https:\/\/bambapolitica.com.mx\/index.php\/wp-json\/wp\/v2\/posts"}],"about":[{"href":"https:\/\/bambapolitica.com.mx\/index.php\/wp-json\/wp\/v2\/types\/post"}],"author":[{"embeddable":true,"href":"https:\/\/bambapolitica.com.mx\/index.php\/wp-json\/wp\/v2\/users\/4"}],"replies":[{"embeddable":true,"href":"https:\/\/bambapolitica.com.mx\/index.php\/wp-json\/wp\/v2\/comments?post=20870"}],"version-history":[{"count":2,"href":"https:\/\/bambapolitica.com.mx\/index.php\/wp-json\/wp\/v2\/posts\/20870\/revisions"}],"predecessor-version":[{"id":20932,"href":"https:\/\/bambapolitica.com.mx\/index.php\/wp-json\/wp\/v2\/posts\/20870\/revisions\/20932"}],"wp:attachment":[{"href":"https:\/\/bambapolitica.com.mx\/index.php\/wp-json\/wp\/v2\/media?parent=20870"}],"wp:term":[{"taxonomy":"category","embeddable":true,"href":"https:\/\/bambapolitica.com.mx\/index.php\/wp-json\/wp\/v2\/categories?post=20870"},{"taxonomy":"post_tag","embeddable":true,"href":"https:\/\/bambapolitica.com.mx\/index.php\/wp-json\/wp\/v2\/tags?post=20870"}],"curies":[{"name":"wp","href":"https:\/\/api.w.org\/{rel}","templated":true}]}}