{"id":20871,"date":"2021-04-01T10:49:52","date_gmt":"2021-04-01T16:49:52","guid":{"rendered":"http:\/\/bambapolitica.com.mx\/?p=20871"},"modified":"2021-04-01T10:49:55","modified_gmt":"2021-04-01T16:49:55","slug":"fuimos-ridiculizados-por-nuestra-apariencia-bts-condena-el-racismo-contra-asiaticos","status":"publish","type":"post","link":"https:\/\/bambapolitica.com.mx\/index.php\/2021\/04\/01\/fuimos-ridiculizados-por-nuestra-apariencia-bts-condena-el-racismo-contra-asiaticos\/","title":{"rendered":"&#8220;Fuimos ridiculizados por nuestra apariencia&#8221;: BTS condena el racismo contra asi\u00e1ticos"},"content":{"rendered":"\n<p>Este martes, el popular grupo de K-pop, BTS, conden\u00f3 el racismo contra personas de origen asi\u00e1tico en un comunicado, tanto en coreano como en ingl\u00e9s, donde incluso admitieron haber sido objeto de burla, tan s\u00f3lo por su apariencia.<\/p>\n\n\n\n<p>Esto se enmarca en d\u00edas en los que han habido manifestaciones en Estados Unidos en contra de las agresiones a personas de Asia o de ascendencia asi\u00e1tica en el pa\u00eds. A mediados de mes, se registraron al menos 8 personas muertas y varias heridas despu\u00e9s de una serie de tiroteos en Atlanta, Estados Unidos. Los lugares atacados fueron salones de masajes, y las principales v\u00edctimas, mujeres de origen asi\u00e1tico.&nbsp;<\/p>\n\n\n\n<p>El pasado mes de febrero, la misma banda de K-pop recibi\u00f3 comentarios racistas por parte de un presentador de radio alem\u00e1n, despu\u00e9s de que BTS se convirtiera en la primera agrupaci\u00f3n asi\u00e1tica en presentarse en el formato MTV Unplugged, donde presentaron un cover de la canci\u00f3n Fix You de Coldplay.&nbsp;<\/p>\n\n\n\n<p>Por otro lado, el grupo de K-pop ha ganado relevancia en los \u00faltimos a\u00f1os, y las premiaciones les han dado cr\u00e9dito: pues su \u00e1lbum Map of the Soul: 7 fue reconocido como el m\u00e1s vendido por la IFPI; adem\u00e1s de ser nominados en los Grammy y recientemente por los BRIT Awards, que se entregar\u00e1n en mayo.&nbsp;<\/p>\n\n\n\n<h4 class=\"wp-block-heading\">BTS condena el racismo en Estados Unidos&nbsp;<\/h4>\n\n\n\n<p>Por medio de Twitter, la popular banda surcoreana denunci\u00f3 no s\u00f3lo los ataques contra personas de su misma ascendencia, sino que ellos mismos han sido objeto de burlas y discriminaci\u00f3n.&nbsp;<\/p>\n\n\n\n<p>&#8220;Enviamos nuestro m\u00e1s sentido p\u00e9same a quienes han perdido a sus seres queridos. Sentimos dolor e ira. Recordamos momentos en los que nos enfrentamos a la discriminaci\u00f3n como asi\u00e1ticos. Hemos soportado insultos sin raz\u00f3n y fuimos ridiculizados por nuestra apariencia&#8221;, se solidarizaron los integrantes.&nbsp;<\/p>\n\n\n\n<p>Durante la pandemia por covid-19 los ataques contra personas de origen asi\u00e1tico, sin distinguir entre una nacionalidad y otra, han sufrido un nuevo tipo de discriminaci\u00f3n en el mundo, esto debido a que el brote del coronavirus se dio en China.&nbsp;<\/p>\n\n\n\n<p>&#8220;No podemos expresar con palabras el dolor de convertirnos en objeto de odio y violencia por tal motivo. Nuestras propias experiencias son intrascendentes en comparaci\u00f3n con los eventos que han ocurrido durante las \u00faltimas semanas. Pero estas experiencias fueron suficientes para hacernos sentir impotentes y bajar nuestra autoestima&#8221;, admitieron los integrantes.&nbsp;<\/p>\n\n\n\n<p>La agrupaci\u00f3n finaliz\u00f3 su comunicado admitiendo que se tomaron el tiempo para discutir y reflexionar; sin embargo, concluyeron que no pueden disociar su origen asi\u00e1tico de lo que ocurre y por tanto, condenan la discriminaci\u00f3n y violencia contra las personas con origen en Asia.&nbsp;<\/p>\n\n\n\n<p>&#8220;Nos oponemos a la discriminaci\u00f3n racial. Condenamos la violencia. T\u00fa, yo y todos tenemos derecho a ser respetados. Estaremos juntos&#8221;, concretaron.<\/p>\n","protected":false},"excerpt":{"rendered":"<p>Este martes, el popular grupo de K-pop, BTS, conden\u00f3 el racismo contra personas de origen&#8230;<\/p>\n","protected":false},"author":4,"featured_media":0,"comment_status":"closed","ping_status":"closed","sticky":false,"template":"","format":"standard","meta":{"footnotes":""},"categories":[3],"tags":[],"class_list":["post-20871","post","type-post","status-publish","format-standard","hentry","category-espectaculos"],"_links":{"self":[{"href":"https:\/\/bambapolitica.com.mx\/index.php\/wp-json\/wp\/v2\/posts\/20871","targetHints":{"allow":["GET"]}}],"collection":[{"href":"https:\/\/bambapolitica.com.mx\/index.php\/wp-json\/wp\/v2\/posts"}],"about":[{"href":"https:\/\/bambapolitica.com.mx\/index.php\/wp-json\/wp\/v2\/types\/post"}],"author":[{"embeddable":true,"href":"https:\/\/bambapolitica.com.mx\/index.php\/wp-json\/wp\/v2\/users\/4"}],"replies":[{"embeddable":true,"href":"https:\/\/bambapolitica.com.mx\/index.php\/wp-json\/wp\/v2\/comments?post=20871"}],"version-history":[{"count":1,"href":"https:\/\/bambapolitica.com.mx\/index.php\/wp-json\/wp\/v2\/posts\/20871\/revisions"}],"predecessor-version":[{"id":20881,"href":"https:\/\/bambapolitica.com.mx\/index.php\/wp-json\/wp\/v2\/posts\/20871\/revisions\/20881"}],"wp:attachment":[{"href":"https:\/\/bambapolitica.com.mx\/index.php\/wp-json\/wp\/v2\/media?parent=20871"}],"wp:term":[{"taxonomy":"category","embeddable":true,"href":"https:\/\/bambapolitica.com.mx\/index.php\/wp-json\/wp\/v2\/categories?post=20871"},{"taxonomy":"post_tag","embeddable":true,"href":"https:\/\/bambapolitica.com.mx\/index.php\/wp-json\/wp\/v2\/tags?post=20871"}],"curies":[{"name":"wp","href":"https:\/\/api.w.org\/{rel}","templated":true}]}}