{"id":20879,"date":"2021-04-01T09:36:42","date_gmt":"2021-04-01T15:36:42","guid":{"rendered":"http:\/\/bambapolitica.com.mx\/?p=20879"},"modified":"2021-04-01T09:37:48","modified_gmt":"2021-04-01T15:37:48","slug":"ya-retomaron-horario-habitual-de-atencion-los-verificentros-del-estado-de-mexico","status":"publish","type":"post","link":"https:\/\/bambapolitica.com.mx\/index.php\/2021\/04\/01\/ya-retomaron-horario-habitual-de-atencion-los-verificentros-del-estado-de-mexico\/","title":{"rendered":"Ya retomaron horario habitual de atenci\u00f3n los verificentros del Estado de M\u00e9xico"},"content":{"rendered":"\n<p>Informan que, a partir de hoy 1 de abril, la atenci\u00f3n ser\u00e1 de lunes a viernes de 8:00 a 19:00 horas y s\u00e1bados de 8:00 a 15:00 horas.<\/p>\n\n\n\n<p>Indican cu\u00e1les son los veh\u00edculos que verifican con fecha l\u00edmite al 30 de abril de 2021.<\/p>\n\n\n\n<p>La Secretar\u00eda del Medio Ambiente (SMA), a trav\u00e9s de la Direcci\u00f3n General de Prevenci\u00f3n y Control de la Contaminaci\u00f3n Atmosf\u00e9rica (DGPCCA), da a conocer que a partir de hoy 1 de abril de 2021, los Centros de Verificaci\u00f3n de Emisiones Contaminantes de Veh\u00edculos Automotores Autorizados (CVECA), mejor conocidos como \u201cVerificentros\u201d del Estado de M\u00e9xico, operar\u00e1n con un horario de lunes a viernes de 8:00 a 19:00 horas y los s\u00e1bados de 8:00 a 15:00 horas.<\/p>\n\n\n\n<p>Cabe recordar que para los usuarios con veh\u00edculos cuya terminaci\u00f3n de placas sea 3 o 4, tienen como fecha l\u00edmite para verificar el 30 de abril de 2021 y as\u00ed evitar pagar multa por Verificaci\u00f3n Vehicular Extempor\u00e1nea.<\/p>\n\n\n\n<p>Del mismo modo, aquellos usuarios que realizaron pago de la multa por verificaci\u00f3n extempor\u00e1nea, cuyo plazo qued\u00f3 vigente al 19 de diciembre de 2020, podr\u00e1n efectuar el proceso de verificaci\u00f3n sin inconvenientes hasta el 30 de abril de 2021.<\/p>\n\n\n\n<p>Para los propietarios de veh\u00edculos que realizaron alg\u00fan tr\u00e1mite relacionado con placas de circulaci\u00f3n, ya sea alta, baja o renovaci\u00f3n, a partir de marzo de 2020 al 1 de febrero de 2021, podr\u00e1n realizar la verificaci\u00f3n vehicular hasta el 30 de abril del presente a\u00f1o.<\/p>\n\n\n\n<p>Los veh\u00edculos con holograma Doble Cero \u201c00\u201d con opci\u00f3n a renovaci\u00f3n y que venci\u00f3 del 23 de marzo de 2020 al 1 de febrero de 2021, verificar\u00e1n con fecha l\u00edmite hasta el 30 de abril de 2021, siempre y cuando se encuentren en el listado de candidatos para la obtenci\u00f3n de dicho holograma, el cual puede ser consultado en https:\/\/sma.edomex.gob.mx\/verificacion_vehicular.<\/p>\n\n\n\n<p>Por otra parte, los veh\u00edculos que hayan obtenido el holograma Doble Cero \u201c00\u201d por dos ocasiones y cuya vigencia termin\u00f3 en el periodo comprendido entre el 23 de marzo de 2020 y el 1 de febrero de 2021, deber\u00e1n verificar conforme al \u00faltimo d\u00edgito de la placa de circulaci\u00f3n de acuerdo con el calendario de verificaci\u00f3n vigente.<\/p>\n\n\n\n<p>Para los veh\u00edculos que porten holograma Doble Cero \u201c00\u201d que no sean candidatos a renovaci\u00f3n conforme al listado de candidatos para la obtenci\u00f3n de dicho holograma y cuya vigencia termin\u00f3 en el periodo comprendido entre el 23 de marzo de 2020 y el 1 de febrero de 2021, deber\u00e1n verificar conforme al \u00faltimo d\u00edgito de la placa de circulaci\u00f3n de acuerdo con el calendario de verificaci\u00f3n vigente.<\/p>\n\n\n\n<p>El Gobierno del Estado de M\u00e9xico llama a continuar con las medidas sanitarias de prevenci\u00f3n dentro de los Centros de Verificaci\u00f3n, tales como portar el cubrebocas, mantener la sana distancia, el uso de gel antibacterial, asistencia de una sola persona a realizar el tr\u00e1mite y seguir las indicaciones del personal.<\/p>\n\n\n\n<p>Para mayor informaci\u00f3n, la Secretar\u00eda del Medio Ambiente pone a disposici\u00f3n de la ciudadan\u00eda el correo electr\u00f3nico atnpublico@smagem.net, los tel\u00e9fonos 55-5366-8267 y 722-238-2268, as\u00ed como las redes sociales en Twitter @DGPCCA_Edomex y en Facebook @DGPCCA.Edomex de la Direcci\u00f3n General de Prevenci\u00f3n y Control de la Contaminaci\u00f3n Atmosf\u00e9rica.<\/p>\n","protected":false},"excerpt":{"rendered":"<p>Informan que, a partir de hoy 1 de abril, la atenci\u00f3n ser\u00e1 de lunes a&#8230;<\/p>\n","protected":false},"author":4,"featured_media":0,"comment_status":"closed","ping_status":"closed","sticky":false,"template":"","format":"standard","meta":{"footnotes":""},"categories":[4],"tags":[],"class_list":["post-20879","post","type-post","status-publish","format-standard","hentry","category-noticias-del-dia"],"_links":{"self":[{"href":"https:\/\/bambapolitica.com.mx\/index.php\/wp-json\/wp\/v2\/posts\/20879","targetHints":{"allow":["GET"]}}],"collection":[{"href":"https:\/\/bambapolitica.com.mx\/index.php\/wp-json\/wp\/v2\/posts"}],"about":[{"href":"https:\/\/bambapolitica.com.mx\/index.php\/wp-json\/wp\/v2\/types\/post"}],"author":[{"embeddable":true,"href":"https:\/\/bambapolitica.com.mx\/index.php\/wp-json\/wp\/v2\/users\/4"}],"replies":[{"embeddable":true,"href":"https:\/\/bambapolitica.com.mx\/index.php\/wp-json\/wp\/v2\/comments?post=20879"}],"version-history":[{"count":2,"href":"https:\/\/bambapolitica.com.mx\/index.php\/wp-json\/wp\/v2\/posts\/20879\/revisions"}],"predecessor-version":[{"id":20886,"href":"https:\/\/bambapolitica.com.mx\/index.php\/wp-json\/wp\/v2\/posts\/20879\/revisions\/20886"}],"wp:attachment":[{"href":"https:\/\/bambapolitica.com.mx\/index.php\/wp-json\/wp\/v2\/media?parent=20879"}],"wp:term":[{"taxonomy":"category","embeddable":true,"href":"https:\/\/bambapolitica.com.mx\/index.php\/wp-json\/wp\/v2\/categories?post=20879"},{"taxonomy":"post_tag","embeddable":true,"href":"https:\/\/bambapolitica.com.mx\/index.php\/wp-json\/wp\/v2\/tags?post=20879"}],"curies":[{"name":"wp","href":"https:\/\/api.w.org\/{rel}","templated":true}]}}