{"id":20885,"date":"2021-04-01T10:49:53","date_gmt":"2021-04-01T16:49:53","guid":{"rendered":"http:\/\/bambapolitica.com.mx\/?p=20885"},"modified":"2021-04-01T10:49:56","modified_gmt":"2021-04-01T16:49:56","slug":"papa-oficia-misa-de-jueves-santo-no-estara-en-ultima-cena","status":"publish","type":"post","link":"https:\/\/bambapolitica.com.mx\/index.php\/2021\/04\/01\/papa-oficia-misa-de-jueves-santo-no-estara-en-ultima-cena\/","title":{"rendered":"Papa oficia misa de Jueves Santo; no estar\u00e1 en \u2018\u00daltima Cena\u2019"},"content":{"rendered":"\n<p>El&nbsp;papa Francisco&nbsp;inici\u00f3 los solemnes \u00faltimos d\u00edas de la&nbsp;Semana Santa&nbsp;con una misa matinal en la&nbsp;Bas\u00edlica de San Pedro del Vaticano, pero no estar\u00e1 en el tradicional servicio vespertino del Jueves Santo que conmemora la \u00daltima Cena de Jes\u00fas con sus ap\u00f3stoles.<\/p>\n\n\n\n<p>El Vaticano no explic\u00f3 el motivo por el que el decano del Colegio Cardenalicio, el cardenal&nbsp;Giovanni Battista Re, presidir\u00e1 el principal acto religioso del d\u00eda.<\/p>\n\n\n\n<p>Francisco, de 84 a\u00f1os y que sufre frecuentes brotes de ci\u00e1tica, podr\u00eda haber optado por delegar esa misa dada su apretada agenda lit\u00fargica para los pr\u00f3ximos d\u00edas, que culminar\u00e1 con la misa de Domingo de Pascua. En a\u00f1os anteriores, el pont\u00edfice argentino visit\u00f3 un penal o un centro de refugiados para la misa del Jueves Santo, que inclu\u00eda un ritual de lavado de pies que pretende simbolizar la disposici\u00f3n de Jes\u00fas a servir<\/p>\n\n\n\n<p>Por segundo a\u00f1o consecutivo, esa parte de la ceremonia se cancel\u00f3 por las restricciones por la pandemia del coronavirus. Y todos los actos del Vaticano para la Semana Santa se celebran con un aforo limitado de fieles con mascarilla y respetando las normas sanitarias y de distancia social.<\/p>\n\n\n\n<p>Francisco ofici\u00f3 la misa matinal del jueves para bendecir los aceites&nbsp;que se utilizar\u00e1n en varios sacramentos de la iglesia durante el pr\u00f3ximo a\u00f1o. En su homil\u00eda, Francisco mencion\u00f3 un recuerdo personal tras escuchar la una confesi\u00f3n de una monja y pedirle, como penitencia, que rezara por \u00e9l.<\/p>\n\n\n\n<p>Se detuvo por un momento y parec\u00eda estar rezando, y luego me dijo \u2018El Se\u00f1or le conceder\u00e1 esa gracia, pero no se equivoque: Se la dar\u00e1 a su manera divina\u2019&#8221;, record\u00f3 Francisco. \u201cMe hizo mucho bien escuchar que el Se\u00f1or siempre nos da lo que le pedimos, pero que lo hace a su forma divina&#8221;.<\/p>\n\n\n\n<p>Todos los domingos, Francisco concluye su bendici\u00f3n pidiendo a los fieles que oren por \u00e9l. El jueves hizo lo mismo diciendo \u201cLo necesito\u201d.<\/p>\n\n\n\n<p><\/p>\n","protected":false},"excerpt":{"rendered":"<p>El&nbsp;papa Francisco&nbsp;inici\u00f3 los solemnes \u00faltimos d\u00edas de la&nbsp;Semana Santa&nbsp;con una misa matinal en la&nbsp;Bas\u00edlica de&#8230;<\/p>\n","protected":false},"author":4,"featured_media":0,"comment_status":"closed","ping_status":"closed","sticky":false,"template":"","format":"standard","meta":{"footnotes":""},"categories":[5],"tags":[],"class_list":["post-20885","post","type-post","status-publish","format-standard","hentry","category-internacional"],"_links":{"self":[{"href":"https:\/\/bambapolitica.com.mx\/index.php\/wp-json\/wp\/v2\/posts\/20885","targetHints":{"allow":["GET"]}}],"collection":[{"href":"https:\/\/bambapolitica.com.mx\/index.php\/wp-json\/wp\/v2\/posts"}],"about":[{"href":"https:\/\/bambapolitica.com.mx\/index.php\/wp-json\/wp\/v2\/types\/post"}],"author":[{"embeddable":true,"href":"https:\/\/bambapolitica.com.mx\/index.php\/wp-json\/wp\/v2\/users\/4"}],"replies":[{"embeddable":true,"href":"https:\/\/bambapolitica.com.mx\/index.php\/wp-json\/wp\/v2\/comments?post=20885"}],"version-history":[{"count":2,"href":"https:\/\/bambapolitica.com.mx\/index.php\/wp-json\/wp\/v2\/posts\/20885\/revisions"}],"predecessor-version":[{"id":20933,"href":"https:\/\/bambapolitica.com.mx\/index.php\/wp-json\/wp\/v2\/posts\/20885\/revisions\/20933"}],"wp:attachment":[{"href":"https:\/\/bambapolitica.com.mx\/index.php\/wp-json\/wp\/v2\/media?parent=20885"}],"wp:term":[{"taxonomy":"category","embeddable":true,"href":"https:\/\/bambapolitica.com.mx\/index.php\/wp-json\/wp\/v2\/categories?post=20885"},{"taxonomy":"post_tag","embeddable":true,"href":"https:\/\/bambapolitica.com.mx\/index.php\/wp-json\/wp\/v2\/tags?post=20885"}],"curies":[{"name":"wp","href":"https:\/\/api.w.org\/{rel}","templated":true}]}}