{"id":20887,"date":"2021-04-01T09:40:37","date_gmt":"2021-04-01T15:40:37","guid":{"rendered":"http:\/\/bambapolitica.com.mx\/?p=20887"},"modified":"2021-04-01T09:40:39","modified_gmt":"2021-04-01T15:40:39","slug":"aplican-en-primer-dia-mas-de-20-mil-vacunas-covid-19-en-ixtapaluca","status":"publish","type":"post","link":"https:\/\/bambapolitica.com.mx\/index.php\/2021\/04\/01\/aplican-en-primer-dia-mas-de-20-mil-vacunas-covid-19-en-ixtapaluca\/","title":{"rendered":"Aplican en primer d\u00eda, m\u00e1s de 20 mil vacunas COVID-19 en Ixtapaluca"},"content":{"rendered":"\n<p>La cifra representa el 45 por ciento del total de dosis que ser\u00e1n aplicadas a 44 mil 450 personas adultas mayores en este municipio<\/p>\n\n\n\n<p>Sin contratiempos y con la aplicaci\u00f3n de 20 mil 022 dosis de la vacuna AstraZ\u00e9neca contra el COVID-19, concluy\u00f3 el primero de tres d\u00edas en los que se llevar\u00e1 a cabo la jornada para proteger a las personas adultas mayores de 60 a\u00f1os de edad en Ixtapaluca, lo que equivale al 45 por ciento del total que ser\u00e1n aplicadas.<\/p>\n\n\n\n<figure class=\"wp-block-gallery columns-3 is-cropped wp-block-gallery-1 is-layout-flex wp-block-gallery-is-layout-flex\"><ul class=\"blocks-gallery-grid\"><li class=\"blocks-gallery-item\"><figure><img decoding=\"async\" src=\"https:\/\/bambapolitica.com.mx\/wp-content\/uploads\/2021\/04\/APLICAN-M\u00c1S-DE-20-MIL-DOSIS-DE-VACUNA-COVID-2-1024x682.jpeg\" alt=\"\" data-id=\"20875\" data-full-url=\"https:\/\/bambapolitica.com.mx\/wp-content\/uploads\/2021\/04\/APLICAN-M\u00c1S-DE-20-MIL-DOSIS-DE-VACUNA-COVID-2.jpeg\" data-link=\"https:\/\/bambapolitica.com.mx\/index.php\/2021\/04\/01\/en-valle-de-chalco-transcurrio-el-primer-dia-de-vacunacion-contra-covid-19\/aplican-mas-de-20-mil-dosis-de-vacuna-covid-2\/\" class=\"wp-image-20875\"\/><\/figure><\/li><li class=\"blocks-gallery-item\"><figure><img decoding=\"async\" src=\"https:\/\/bambapolitica.com.mx\/wp-content\/uploads\/2021\/04\/APLICAN-M\u00c1S-DE-20-MIL-DOSIS-DE-VACUNA-COVID-8-1024x682.jpeg\" alt=\"\" data-id=\"20874\" data-full-url=\"https:\/\/bambapolitica.com.mx\/wp-content\/uploads\/2021\/04\/APLICAN-M\u00c1S-DE-20-MIL-DOSIS-DE-VACUNA-COVID-8.jpeg\" data-link=\"https:\/\/bambapolitica.com.mx\/index.php\/2021\/04\/01\/en-valle-de-chalco-transcurrio-el-primer-dia-de-vacunacion-contra-covid-19\/aplican-mas-de-20-mil-dosis-de-vacuna-covid-8\/\" class=\"wp-image-20874\"\/><\/figure><\/li><li class=\"blocks-gallery-item\"><figure><img decoding=\"async\" src=\"https:\/\/bambapolitica.com.mx\/wp-content\/uploads\/2021\/04\/APLICAN-M\u00c1S-DE-20-MIL-DOSIS-DE-VACUNA-COVID-3-1024x682.jpeg\" alt=\"\" data-id=\"20873\" data-full-url=\"https:\/\/bambapolitica.com.mx\/wp-content\/uploads\/2021\/04\/APLICAN-M\u00c1S-DE-20-MIL-DOSIS-DE-VACUNA-COVID-3.jpeg\" data-link=\"https:\/\/bambapolitica.com.mx\/index.php\/2021\/04\/01\/en-valle-de-chalco-transcurrio-el-primer-dia-de-vacunacion-contra-covid-19\/aplican-mas-de-20-mil-dosis-de-vacuna-covid-3\/\" class=\"wp-image-20873\"\/><\/figure><\/li><li class=\"blocks-gallery-item\"><figure><img decoding=\"async\" src=\"https:\/\/bambapolitica.com.mx\/wp-content\/uploads\/2021\/04\/APLICAN-M\u00c1S-DE-20-MIL-DOSIS-DE-VACUNA-COVID-1-1024x682.jpeg\" alt=\"\" data-id=\"20872\" data-full-url=\"https:\/\/bambapolitica.com.mx\/wp-content\/uploads\/2021\/04\/APLICAN-M\u00c1S-DE-20-MIL-DOSIS-DE-VACUNA-COVID-1.jpeg\" data-link=\"https:\/\/bambapolitica.com.mx\/index.php\/2021\/04\/01\/en-valle-de-chalco-transcurrio-el-primer-dia-de-vacunacion-contra-covid-19\/aplican-mas-de-20-mil-dosis-de-vacuna-covid-1\/\" class=\"wp-image-20872\"\/><\/figure><\/li><\/ul><\/figure>\n\n\n\n<p>El pr\u00f3ximo viernes 2 de abril se contempla est\u00e9 cubierta la meta de la inoculaci\u00f3n en Ixtapaluca, con el beneficio para 44 mil 450 personas.<\/p>\n\n\n\n<p>Familiares y adultos mayores reconocieron el desempe\u00f1o de los alrededor de 600 voluntarios para que su llegada, estancia y salida se realizara eficientemente, y su permanencia fuera lo m\u00e1s breve y \u00e1gil, en comparaci\u00f3n con otros municipios.<\/p>\n\n\n\n<p>En los cuatro puntos establecidos para la aplicaci\u00f3n de la vacuna no se registraron incidentes y gracias a la log\u00edstica y al trabajo en conjunto entre el personal de las \u00e1reas de la administraci\u00f3n municipal, en coordinaci\u00f3n con los tres \u00f3rdenes de gobierno, fue posible atender a quienes acudieron el d\u00eda de hoy.<\/p>\n\n\n\n<p>Durante las 9 horas de la jornada estuvieron a disposici\u00f3n de la poblaci\u00f3n los servicios de emergencia por parte de Protecci\u00f3n Civil y Bomberos, DIF, Salud, as\u00ed como de Seguridad P\u00fablica que ayud\u00f3 a que el tr\u00e1nsito fuera fluido para evitar accidentes y problemas viales.<\/p>\n\n\n\n<p>Autoridades municipales dieron a conocer que el d\u00eda de ma\u00f1ana se continuar\u00e1 con la aplicaci\u00f3n de la vacuna en un horario de 8 de la ma\u00f1ana a 5 de la tarde, en los cuatro puntos peatonales establecidos: explanada municipal, explanada del mercado 20 de Noviembre en Izcalli, y el estacionamiento de la ex comercial mexicana.<\/p>\n\n\n\n<p>Adem\u00e1s en la modalidad de vacunaci\u00f3n en veh\u00edculo estar\u00e1 habilitada la Ciudad Deportiva, ubicada en la Rosa de San Francisco.<\/p>\n\n\n\n<p>Al t\u00e9rmino de la jornada, el secretario del Ayuntamiento, Armando Ram\u00edrez, en representaci\u00f3n de la alcaldesa Maricela Serrano, agradeci\u00f3 al personal m\u00e9dico y voluntarios por una primera jornada de \u00e9xito, y los invit\u00f3 a que ma\u00f1ana jueves 1 y el viernes 2 de abril se contin\u00fae con el mismo empe\u00f1o en favor de la poblaci\u00f3n adulta mayor.<\/p>\n","protected":false},"excerpt":{"rendered":"<p>La cifra representa el 45 por ciento del total de dosis que ser\u00e1n aplicadas a&#8230;<\/p>\n","protected":false},"author":4,"featured_media":0,"comment_status":"closed","ping_status":"closed","sticky":false,"template":"","format":"standard","meta":{"footnotes":""},"categories":[4],"tags":[],"class_list":["post-20887","post","type-post","status-publish","format-standard","hentry","category-noticias-del-dia"],"_links":{"self":[{"href":"https:\/\/bambapolitica.com.mx\/index.php\/wp-json\/wp\/v2\/posts\/20887","targetHints":{"allow":["GET"]}}],"collection":[{"href":"https:\/\/bambapolitica.com.mx\/index.php\/wp-json\/wp\/v2\/posts"}],"about":[{"href":"https:\/\/bambapolitica.com.mx\/index.php\/wp-json\/wp\/v2\/types\/post"}],"author":[{"embeddable":true,"href":"https:\/\/bambapolitica.com.mx\/index.php\/wp-json\/wp\/v2\/users\/4"}],"replies":[{"embeddable":true,"href":"https:\/\/bambapolitica.com.mx\/index.php\/wp-json\/wp\/v2\/comments?post=20887"}],"version-history":[{"count":1,"href":"https:\/\/bambapolitica.com.mx\/index.php\/wp-json\/wp\/v2\/posts\/20887\/revisions"}],"predecessor-version":[{"id":20889,"href":"https:\/\/bambapolitica.com.mx\/index.php\/wp-json\/wp\/v2\/posts\/20887\/revisions\/20889"}],"wp:attachment":[{"href":"https:\/\/bambapolitica.com.mx\/index.php\/wp-json\/wp\/v2\/media?parent=20887"}],"wp:term":[{"taxonomy":"category","embeddable":true,"href":"https:\/\/bambapolitica.com.mx\/index.php\/wp-json\/wp\/v2\/categories?post=20887"},{"taxonomy":"post_tag","embeddable":true,"href":"https:\/\/bambapolitica.com.mx\/index.php\/wp-json\/wp\/v2\/tags?post=20887"}],"curies":[{"name":"wp","href":"https:\/\/api.w.org\/{rel}","templated":true}]}}