{"id":20906,"date":"2021-04-01T10:49:24","date_gmt":"2021-04-01T16:49:24","guid":{"rendered":"http:\/\/bambapolitica.com.mx\/?p=20906"},"modified":"2021-04-01T10:49:26","modified_gmt":"2021-04-01T16:49:26","slug":"atropellamiento-o-feminicidio-investigan-caso-de-la-nina-otomi-maricela","status":"publish","type":"post","link":"https:\/\/bambapolitica.com.mx\/index.php\/2021\/04\/01\/atropellamiento-o-feminicidio-investigan-caso-de-la-nina-otomi-maricela\/","title":{"rendered":"\u00bfAtropellamiento o feminicidio?; investigan caso de la ni\u00f1a otom\u00ed Maricela"},"content":{"rendered":"\n<p>La&nbsp;Fiscal\u00eda General de Justicia de la Ciudad de M\u00e9xico (FGJ)&nbsp;investiga un atropellamiento en el caso de la muerte de la ni\u00f1a otom\u00ed Maricela, inform\u00f3 su titular, Ernestina Godoy.<\/p>\n\n\n\n<p>&#8220;Ayer se le entreg\u00f3 el cuerpo a la mam\u00e1, ya est\u00e1n las investigaciones, se hizo el perfil gen\u00e9tico y estamos en todo el apoyo y en toda la investigaci\u00f3n. (\u00bfQu\u00e9 l\u00edneas de investigaci\u00f3n hay?). Es el tema del atropellamiento\u201d, dijo Godoy.<\/p>\n\n\n\n<p>Entrevistada luego del informe de la jefa de Gobierno, Claudia Sheinbaum, la fiscal dijo que la muerte de Maricela se investiga con el protocolo de feminicidio.<\/p>\n\n\n\n<p>&#8220;Puede ser feminicidio. Se investiga con protocolo de feminicidio\u201d, expres\u00f3.<\/p>\n\n\n\n<p>Respecto a las quejas de los familiares de Maricela, quienes acusaron que recibieron tratos discriminatorios de parte de servidores p\u00fablicos de la fiscal\u00eda, Godoy afirm\u00f3 que se investigar\u00e1n todas las quejas.<\/p>\n\n\n\n<p>Nosotros estamos atendiendo todas las quejas que se presentan, las investigamos\u201d, expres\u00f3.<\/p>\n\n\n\n<p>Entrevistado por separado, Tom\u00e1s Pliego, coordinador del Gabinete de Seguridad del Gobierno de la Ciudad de M\u00e9xico, calific\u00f3 como lamentable la muerte de la ni\u00f1a otom\u00ed.<\/p>\n\n\n\n<p>&nbsp;Es indignante, es vergonzoso, es muy triste, es lamentable y estamos trabajando para evitar que estos casos se repitan, para evitar que estos casos se vuelvan a dar\u201d, dijo.<\/p>\n\n\n\n<h3 class=\"wp-block-heading\"><strong>FAMILIARES VELAN A MARICELA<\/strong><\/h3>\n\n\n\n<p>Maricela \u201cN\u201d, la menor otom\u00ed de 16 a\u00f1os, fue velada anoche por sus familiares y conocidos en el campamento instalado por esa comunidad desde el 2017 en el cruce de las calles Roma y Mil\u00e1n en la colonia Ju\u00e1rez.<\/p>\n\n\n\n<p>Con una serie de rosarios y plegarias fue acompa\u00f1ada, luego de que el pasado 22 de marzo muriera en el cruce de Paseo de la Reforma y Bucareli.<\/p>\n\n\n\n<p>Representes de esa comunidad indicaron que los familiares hab\u00edan determinado que las exequias fueran privadas, adem\u00e1s de valorarse si ser\u00e1 sepultada en alg\u00fan estado de la Rep\u00fablica.<\/p>\n\n\n\n<p>Tambi\u00e9n asistieron representantes de organizaciones civiles&nbsp;a entregar v\u00edveres y realizar acompa\u00f1amiento legal.<\/p>\n\n\n\n<p>Ayer, despu\u00e9s de las 15:00 horas, tras darles el resultado de la confronta de perfil gen\u00e9tico y luego de concluir una serie de tr\u00e1mites, le fue entregado a Esther el cuerpo de su hija, en el Instituto de Ciencias Forenses (incifo).<\/p>\n\n\n\n<p>El martes, aproximadamente 200 integrantes de la&nbsp;comunidad otom\u00ed&nbsp;a la que pertenec\u00eda esta menor de edad se manifestaron a las afueras de la Fiscal\u00eda General de Justicia y realizaron bloqueo de avenidas por m\u00e1s de dos horas para exigir que su muerte fuera investigada con los protocolos de feminicidio.<\/p>\n","protected":false},"excerpt":{"rendered":"<p>La&nbsp;Fiscal\u00eda General de Justicia de la Ciudad de M\u00e9xico (FGJ)&nbsp;investiga un atropellamiento en el caso&#8230;<\/p>\n","protected":false},"author":4,"featured_media":0,"comment_status":"closed","ping_status":"closed","sticky":false,"template":"","format":"standard","meta":{"footnotes":""},"categories":[2],"tags":[],"class_list":["post-20906","post","type-post","status-publish","format-standard","hentry","category-policiaca"],"_links":{"self":[{"href":"https:\/\/bambapolitica.com.mx\/index.php\/wp-json\/wp\/v2\/posts\/20906","targetHints":{"allow":["GET"]}}],"collection":[{"href":"https:\/\/bambapolitica.com.mx\/index.php\/wp-json\/wp\/v2\/posts"}],"about":[{"href":"https:\/\/bambapolitica.com.mx\/index.php\/wp-json\/wp\/v2\/types\/post"}],"author":[{"embeddable":true,"href":"https:\/\/bambapolitica.com.mx\/index.php\/wp-json\/wp\/v2\/users\/4"}],"replies":[{"embeddable":true,"href":"https:\/\/bambapolitica.com.mx\/index.php\/wp-json\/wp\/v2\/comments?post=20906"}],"version-history":[{"count":2,"href":"https:\/\/bambapolitica.com.mx\/index.php\/wp-json\/wp\/v2\/posts\/20906\/revisions"}],"predecessor-version":[{"id":20928,"href":"https:\/\/bambapolitica.com.mx\/index.php\/wp-json\/wp\/v2\/posts\/20906\/revisions\/20928"}],"wp:attachment":[{"href":"https:\/\/bambapolitica.com.mx\/index.php\/wp-json\/wp\/v2\/media?parent=20906"}],"wp:term":[{"taxonomy":"category","embeddable":true,"href":"https:\/\/bambapolitica.com.mx\/index.php\/wp-json\/wp\/v2\/categories?post=20906"},{"taxonomy":"post_tag","embeddable":true,"href":"https:\/\/bambapolitica.com.mx\/index.php\/wp-json\/wp\/v2\/tags?post=20906"}],"curies":[{"name":"wp","href":"https:\/\/api.w.org\/{rel}","templated":true}]}}