{"id":20913,"date":"2021-04-01T10:49:22","date_gmt":"2021-04-01T16:49:22","guid":{"rendered":"http:\/\/bambapolitica.com.mx\/?p=20913"},"modified":"2021-04-01T10:49:24","modified_gmt":"2021-04-01T16:49:24","slug":"muere-motociclista-al-ser-atropellado-en-la-autopista-mexico-queretaro","status":"publish","type":"post","link":"https:\/\/bambapolitica.com.mx\/index.php\/2021\/04\/01\/muere-motociclista-al-ser-atropellado-en-la-autopista-mexico-queretaro\/","title":{"rendered":"Muere motociclista al ser atropellado en la autopista M\u00e9xico-Quer\u00e9taro"},"content":{"rendered":"\n<p>Fue a la altura del kil\u00f3metro&nbsp; 35 m\u00e1s 800 de la autopista M\u00e9xico-Quer\u00e9taro, donde la madrugada del jueves perdi\u00f3 la vida un motociclista al ser atropellado por un veh\u00edculo de carga que logr\u00f3 darse a la fuga.<\/p>\n\n\n\n<p>Al percance que se registr\u00f3 en los carriles centrales&nbsp; en direcci\u00f3n a la Ciudad de Quer\u00e9taro a la altura de la planta de Ford en Cuautitl\u00e1n Izcalli, acudieron polic\u00edas municipales y param\u00e9dicos de la Cruz Roja, quienes verificaron la falta de signos vitales del motociclista un hombre de aproximadamente 40 a\u00f1os.<\/p>\n\n\n\n<p>El cuerpo que qued\u00f3 sobre la cuneta, presentaba varias lesiones por las llantas que le pasaron encima de la pesada unidad que lo atropell\u00f3.<\/p>\n\n\n\n<p>La motocicleta una Yamaha 500, qued\u00f3 a 100 metros del lugar del accidente al ser arrastrada por la pesada unidad.<\/p>\n\n\n\n<p>El mal abanderamiento del percance por parte de la polic\u00eda municipal, provoc\u00f3 que un veh\u00edculo compacto se impactara en la parte trasera de una patrulla, que se encontraba con los c\u00f3digos apagados sobre el carril de alta velocidad de los carriles laterales.<\/p>\n\n\n\n<p>Peritos y polic\u00edas ministeriales tomaron conocimiento de los hechos y llevaron a cabo el levantamiento del cuerpo, que fue trasladado en calidad de desconocido al anfiteatro del centro de justicia de Cuautitl\u00e1n Izcalli, donde continuar\u00e1n las investigaciones.<\/p>\n\n\n\n<p><\/p>\n","protected":false},"excerpt":{"rendered":"<p>Fue a la altura del kil\u00f3metro&nbsp; 35 m\u00e1s 800 de la autopista M\u00e9xico-Quer\u00e9taro, donde la&#8230;<\/p>\n","protected":false},"author":4,"featured_media":0,"comment_status":"closed","ping_status":"closed","sticky":false,"template":"","format":"standard","meta":{"footnotes":""},"categories":[2],"tags":[],"class_list":["post-20913","post","type-post","status-publish","format-standard","hentry","category-policiaca"],"_links":{"self":[{"href":"https:\/\/bambapolitica.com.mx\/index.php\/wp-json\/wp\/v2\/posts\/20913","targetHints":{"allow":["GET"]}}],"collection":[{"href":"https:\/\/bambapolitica.com.mx\/index.php\/wp-json\/wp\/v2\/posts"}],"about":[{"href":"https:\/\/bambapolitica.com.mx\/index.php\/wp-json\/wp\/v2\/types\/post"}],"author":[{"embeddable":true,"href":"https:\/\/bambapolitica.com.mx\/index.php\/wp-json\/wp\/v2\/users\/4"}],"replies":[{"embeddable":true,"href":"https:\/\/bambapolitica.com.mx\/index.php\/wp-json\/wp\/v2\/comments?post=20913"}],"version-history":[{"count":2,"href":"https:\/\/bambapolitica.com.mx\/index.php\/wp-json\/wp\/v2\/posts\/20913\/revisions"}],"predecessor-version":[{"id":20927,"href":"https:\/\/bambapolitica.com.mx\/index.php\/wp-json\/wp\/v2\/posts\/20913\/revisions\/20927"}],"wp:attachment":[{"href":"https:\/\/bambapolitica.com.mx\/index.php\/wp-json\/wp\/v2\/media?parent=20913"}],"wp:term":[{"taxonomy":"category","embeddable":true,"href":"https:\/\/bambapolitica.com.mx\/index.php\/wp-json\/wp\/v2\/categories?post=20913"},{"taxonomy":"post_tag","embeddable":true,"href":"https:\/\/bambapolitica.com.mx\/index.php\/wp-json\/wp\/v2\/tags?post=20913"}],"curies":[{"name":"wp","href":"https:\/\/api.w.org\/{rel}","templated":true}]}}