{"id":20916,"date":"2021-04-01T10:20:42","date_gmt":"2021-04-01T16:20:42","guid":{"rendered":"http:\/\/bambapolitica.com.mx\/?p=20916"},"modified":"2021-04-01T10:20:43","modified_gmt":"2021-04-01T16:20:43","slug":"sube-costo-de-canasta-basica","status":"publish","type":"post","link":"https:\/\/bambapolitica.com.mx\/index.php\/2021\/04\/01\/sube-costo-de-canasta-basica\/","title":{"rendered":"Sube costo de canasta b\u00e1sica"},"content":{"rendered":"\n<p>Levantamiento de Exc\u00e9lsior desvela que acumula un alza de 3% en el primer trimestre del a\u00f1o; papa y lim\u00f3n, los m\u00e1s encarecidos; familias cambias h\u00e1bitos alimenticios para Semana Santa.<\/p>\n\n\n\n<p>El costo de canasta alimentaria b\u00e1sica, la cual contempla productos considerados para despensa de un hogar, se encareci\u00f3 2 por ciento durante marzo, con lo cual en el primer trimestre de 2021 acumula un incremento de 3 por ciento.<\/p>\n\n\n\n<p>De acuerdo con el levantamiento de precios que mes a mes realiza Exc\u00e9lsior, para adquirir esta canasta b\u00e1sica se necesitaron gastar mil 750 pesos con 10 centavos el 28 de febrero pasado, cantidad que se elev\u00f3 a mil 785 pesos con 90 centavos en un mes.<\/p>\n\n\n\n<p>Durante el primer trimestre, los productos que m\u00e1s se han encarecido son la papa (82.2 por ciento), el lim\u00f3n (60.2 por ciento), el pl\u00e1tano (47.3 por ciento), el frijol (16.5 por ciento) y el pescado fresco (11.1 por ciento).<\/p>\n\n\n\n<p>En estos mismos meses se han abaratado el jitomate (34.4 por ciento), la naranja (25.1 por ciento), la cebolla (24.1 por ciento), el chile cuaresme\u00f1o (24.1 por ciento) y la az\u00facar (13.4 por ciento).<\/p>\n\n\n\n<p>Especialistas coinciden en que los incrementos de diferentes productos de consumo general fueron provocados por el rebote en los precios de las gasolinas y el di\u00e9sel, el cual incide en el costo del transporte, la electricidad, el gas y otros insumos b\u00e1sicos de toda la cadena productiva.<\/p>\n\n\n\n<p>Gabriel Casillas, economista en jefe del Grupo Financiero Banorte, destac\u00f3 que las preocupaciones sobre la din\u00e1mica de inflaci\u00f3n podr\u00edan aumentar ante las expectativas de corto plazo que se han revisado al alza: una din\u00e1mica adversa desde el inicio del a\u00f1o; volatilidad en los mercados que podr\u00eda incrementar los riesgos ante la posibilidad de un traspaso de la depreciaci\u00f3n del tipo de cambio a precios.<\/p>\n\n\n\n<p>Lo anterior, en conjunto con un alza persistente en precios de energ\u00e9ticos y un menor espacio relativo de maniobra, dado que este entorno ha resultado en una relaci\u00f3n de otros bancos centrales en econom\u00eda emergentes.<\/p>\n\n\n\n<p>Berenice S\u00e1nchez, madre de familia, destac\u00f3 que el incremento de los alimentos b\u00e1sicos durante marzo s\u00ed ha sido resentido por su familia, ya que tanto ella como su esposo trabajan s\u00f3lo media jornada por la pandemia.<\/p>\n\n\n\n<p>Ella, como la mayor\u00eda de las familias, ha optado por cambias sus h\u00e1bitos alimenticios: \u201cantes com\u00edamos carne seguido, pero ahora ya no se puede, ni el huevo est\u00e1 accesible\u201d.<\/p>\n\n\n\n<p>Asegura que esta Semana Santa ser\u00e1 imposible cocinar pescado para su familia, como tradicionalmente lo hac\u00eda, dado que el kilo supera los 100 pesos.<\/p>\n\n\n\n<figure class=\"wp-block-image size-large\"><img decoding=\"async\" src=\"https:\/\/bambapolitica.com.mx\/wp-content\/uploads\/2021\/04\/canasta-basica-2.jpg\" alt=\"\" class=\"wp-image-20918\"\/><figcaption>Exc\u00e9lsior.<\/figcaption><\/figure>\n","protected":false},"excerpt":{"rendered":"<p>Levantamiento de Exc\u00e9lsior desvela que acumula un alza de 3% en el primer trimestre del&#8230;<\/p>\n","protected":false},"author":4,"featured_media":0,"comment_status":"closed","ping_status":"closed","sticky":false,"template":"","format":"standard","meta":{"footnotes":""},"categories":[4],"tags":[],"class_list":["post-20916","post","type-post","status-publish","format-standard","hentry","category-noticias-del-dia"],"_links":{"self":[{"href":"https:\/\/bambapolitica.com.mx\/index.php\/wp-json\/wp\/v2\/posts\/20916","targetHints":{"allow":["GET"]}}],"collection":[{"href":"https:\/\/bambapolitica.com.mx\/index.php\/wp-json\/wp\/v2\/posts"}],"about":[{"href":"https:\/\/bambapolitica.com.mx\/index.php\/wp-json\/wp\/v2\/types\/post"}],"author":[{"embeddable":true,"href":"https:\/\/bambapolitica.com.mx\/index.php\/wp-json\/wp\/v2\/users\/4"}],"replies":[{"embeddable":true,"href":"https:\/\/bambapolitica.com.mx\/index.php\/wp-json\/wp\/v2\/comments?post=20916"}],"version-history":[{"count":1,"href":"https:\/\/bambapolitica.com.mx\/index.php\/wp-json\/wp\/v2\/posts\/20916\/revisions"}],"predecessor-version":[{"id":20920,"href":"https:\/\/bambapolitica.com.mx\/index.php\/wp-json\/wp\/v2\/posts\/20916\/revisions\/20920"}],"wp:attachment":[{"href":"https:\/\/bambapolitica.com.mx\/index.php\/wp-json\/wp\/v2\/media?parent=20916"}],"wp:term":[{"taxonomy":"category","embeddable":true,"href":"https:\/\/bambapolitica.com.mx\/index.php\/wp-json\/wp\/v2\/categories?post=20916"},{"taxonomy":"post_tag","embeddable":true,"href":"https:\/\/bambapolitica.com.mx\/index.php\/wp-json\/wp\/v2\/tags?post=20916"}],"curies":[{"name":"wp","href":"https:\/\/api.w.org\/{rel}","templated":true}]}}