{"id":20940,"date":"2021-04-01T13:01:46","date_gmt":"2021-04-01T19:01:46","guid":{"rendered":"http:\/\/bambapolitica.com.mx\/?p=20940"},"modified":"2021-04-01T13:01:48","modified_gmt":"2021-04-01T19:01:48","slug":"congreso-de-tamaulipas-anula-blindaje-a-garcia-cabeza-de-vaca","status":"publish","type":"post","link":"https:\/\/bambapolitica.com.mx\/index.php\/2021\/04\/01\/congreso-de-tamaulipas-anula-blindaje-a-garcia-cabeza-de-vaca\/","title":{"rendered":"Congreso de Tamaulipas anula &#8216;blindaje&#8217; a Garc\u00eda Cabeza de Vaca"},"content":{"rendered":"\n<p>M\u00e9xico.<\/p>\n\n\n\n<p>El Congreso de Tamaulipas anul\u00f3 el &#8216;blindaje&#8217; al gobernador Francisco Garc\u00eda Cabeza de Vaca ante el proceso de desafuero solicitado por la Fiscal\u00eda General de la Rep\u00fablica (FGR).<\/p>\n\n\n\n<p>Qued\u00f3 anulado por el Congreso de Tamaulipas el acuerdo que aprob\u00f3 el pasado 2 de marzo para establecer las reglas de procedimiento de desafuero de Francisco Garc\u00eda Cabeza de Vaca.<\/p>\n\n\n\n<p>Ese acuerdo hab\u00eda sido interpretado por la C\u00e1mara de Diputados como un intento para &#8216;blindaje&#8217; hacia el gobernador tamaulipeco ante el proceso de desafuero.<\/p>\n\n\n\n<p>\u00bfPor qu\u00e9 Congreso de Tamaulipas anul\u00f3 &#8216;blindaje&#8217; a Garc\u00eda Cabeza de Vaca?<br>El Congreso de Tamaulipas derog\u00f3 el acuerdo que aprob\u00f3 el 2 de marzo para establecer las reglas de procedimiento de desafuero del gobernador Francisco Garc\u00eda Cabeza de Vaca, que la C\u00e1mara de Diputados interpret\u00f3 como un intento para &#8216;blindaje&#8217;.<\/p>\n\n\n\n<p>Los legisladores de Tamaulipas derogaron el &#8216;blindaje&#8217; a Garc\u00eda Cabeza de Vaca, tras el proceso de desafuero solicitado por la FGR, con el argumento de que pretenden evitar confusi\u00f3n.<\/p>\n\n\n\n<p>&#8220;El Congreso local deja sin efectos las reglas para la declaraci\u00f3n de procedencia de desafuero en contra de los ejecutivos de las entidades federativas, diputados locales a magistrados del Supremo Tribunal de Justicia del Estado&#8221; Congreso de Tamaulipas<\/p>\n\n\n\n<p>\u00bfEn qu\u00e9 consist\u00eda el &#8216;blindaje&#8217; a Garc\u00eda Cabeza de Vaca?<br>El Congreso de Tamaulipas anul\u00f3 el &#8216;blindaje&#8217; al gobernador Francisco Garc\u00eda Cabeza de Vaca ante el proceso de desafuero que solicit\u00f3 la FGR.<\/p>\n\n\n\n<p>Una pol\u00e9mica gener\u00f3 la FGR al solicitar el desafuero de Francisco Garc\u00eda Cabeza de Vaca, a quien acusa de lavado de dinero, operaciones con recursos de procedencia il\u00edcita y defraudaci\u00f3n fiscal.<\/p>\n\n\n\n<p>Ante esa solicitud, el Congreso de Tamaulipas aval\u00f3 un acuerdo con nuevas reglas para declarar la procedencia de un desafuero a gobernadores de Tamaulipas.<\/p>\n\n\n\n<p>No obstante, la C\u00e1mara de Diputados aprob\u00f3 por 285 votos a favor, 77 en contra y 46 abstenciones, promover demanda de controversia constitucional, contra el Congreso del Estado de Tamaulipas, por la aprobaci\u00f3n del Punto de Acuerdo por el que se establecen las reglas del procedimiento de homologaci\u00f3n para el ejercicio de las atribuciones.<\/p>\n\n\n\n<p>El diputado panista F\u00e9lix Garc\u00eda dio a conocer el acuerdo, mediante el cual se abrogan y se dejan sin efecto los acuerdos que establece las reglas del procedimiento de homologaci\u00f3n para el ejercicio de las atribuciones que confiere al Congreso de Tamaulipas el p\u00e1rrafo quinto del art\u00edculo 11 de la Constituci\u00f3n Mexicana.<\/p>\n\n\n\n<p>La medida se tom\u00f3 luego de que la Suprema Corte de Justicia de la Naci\u00f3n recibi\u00f3 una controversia constitucional contra el acuerdo que emiti\u00f3 el Congreso local por parte de la presidenta de la C\u00e1mara de diputados federal.<\/p>\n\n\n\n<p>Garc\u00eda Aguiar afirm\u00f3 que dichos acuerdos, lejos de representar un intento de &#8216;blindaje&#8217; institucional, representan el cumplimiento de sus obligaciones.<\/p>\n","protected":false},"excerpt":{"rendered":"<p>M\u00e9xico. El Congreso de Tamaulipas anul\u00f3 el &#8216;blindaje&#8217; al gobernador Francisco Garc\u00eda Cabeza de Vaca&#8230;<\/p>\n","protected":false},"author":4,"featured_media":0,"comment_status":"closed","ping_status":"closed","sticky":false,"template":"","format":"standard","meta":{"footnotes":""},"categories":[4],"tags":[],"class_list":["post-20940","post","type-post","status-publish","format-standard","hentry","category-noticias-del-dia"],"_links":{"self":[{"href":"https:\/\/bambapolitica.com.mx\/index.php\/wp-json\/wp\/v2\/posts\/20940","targetHints":{"allow":["GET"]}}],"collection":[{"href":"https:\/\/bambapolitica.com.mx\/index.php\/wp-json\/wp\/v2\/posts"}],"about":[{"href":"https:\/\/bambapolitica.com.mx\/index.php\/wp-json\/wp\/v2\/types\/post"}],"author":[{"embeddable":true,"href":"https:\/\/bambapolitica.com.mx\/index.php\/wp-json\/wp\/v2\/users\/4"}],"replies":[{"embeddable":true,"href":"https:\/\/bambapolitica.com.mx\/index.php\/wp-json\/wp\/v2\/comments?post=20940"}],"version-history":[{"count":1,"href":"https:\/\/bambapolitica.com.mx\/index.php\/wp-json\/wp\/v2\/posts\/20940\/revisions"}],"predecessor-version":[{"id":20942,"href":"https:\/\/bambapolitica.com.mx\/index.php\/wp-json\/wp\/v2\/posts\/20940\/revisions\/20942"}],"wp:attachment":[{"href":"https:\/\/bambapolitica.com.mx\/index.php\/wp-json\/wp\/v2\/media?parent=20940"}],"wp:term":[{"taxonomy":"category","embeddable":true,"href":"https:\/\/bambapolitica.com.mx\/index.php\/wp-json\/wp\/v2\/categories?post=20940"},{"taxonomy":"post_tag","embeddable":true,"href":"https:\/\/bambapolitica.com.mx\/index.php\/wp-json\/wp\/v2\/tags?post=20940"}],"curies":[{"name":"wp","href":"https:\/\/api.w.org\/{rel}","templated":true}]}}