{"id":20943,"date":"2021-04-01T14:36:10","date_gmt":"2021-04-01T20:36:10","guid":{"rendered":"http:\/\/bambapolitica.com.mx\/?p=20943"},"modified":"2021-04-01T14:36:18","modified_gmt":"2021-04-01T20:36:18","slug":"vacunense-pide-abuelita-ixtapaluquense-de-101-anos-de-edad","status":"publish","type":"post","link":"https:\/\/bambapolitica.com.mx\/index.php\/2021\/04\/01\/vacunense-pide-abuelita-ixtapaluquense-de-101-anos-de-edad\/","title":{"rendered":"Vac\u00fanense, pide abuelita ixtapaluquense de 101 a\u00f1os de edad"},"content":{"rendered":"\n<p>Do\u00f1a Juanita afirma que la pandemia es real y la vacuna contra el COVID \u201cno duele nada\u201d.<\/p>\n\n\n\n<figure class=\"wp-block-gallery columns-3 is-cropped wp-block-gallery-1 is-layout-flex wp-block-gallery-is-layout-flex\"><ul class=\"blocks-gallery-grid\"><li class=\"blocks-gallery-item\"><figure><img decoding=\"async\" src=\"https:\/\/bambapolitica.com.mx\/wp-content\/uploads\/2021\/04\/VACUNA-A-ABUELITA-DE-101-A\u00d1OS-DE-EDAD-1-1024x682.jpeg\" alt=\"\" data-id=\"20945\" data-full-url=\"https:\/\/bambapolitica.com.mx\/wp-content\/uploads\/2021\/04\/VACUNA-A-ABUELITA-DE-101-A\u00d1OS-DE-EDAD-1.jpeg\" data-link=\"https:\/\/bambapolitica.com.mx\/?attachment_id=20945\" class=\"wp-image-20945\"\/><\/figure><\/li><li class=\"blocks-gallery-item\"><figure><img decoding=\"async\" src=\"https:\/\/bambapolitica.com.mx\/wp-content\/uploads\/2021\/04\/VACUNA-A-ABUELITA-DE-101-A\u00d1OS-DE-EDAD-2-1024x682.jpeg\" alt=\"\" data-id=\"20946\" data-full-url=\"https:\/\/bambapolitica.com.mx\/wp-content\/uploads\/2021\/04\/VACUNA-A-ABUELITA-DE-101-A\u00d1OS-DE-EDAD-2.jpeg\" data-link=\"https:\/\/bambapolitica.com.mx\/?attachment_id=20946\" class=\"wp-image-20946\"\/><\/figure><\/li><li class=\"blocks-gallery-item\"><figure><img decoding=\"async\" src=\"https:\/\/bambapolitica.com.mx\/wp-content\/uploads\/2021\/04\/VACUNA-A-ABUELITA-DE-101-A\u00d1OS-DE-EDAD-3-1-1024x682.jpeg\" alt=\"\" data-id=\"20948\" data-full-url=\"https:\/\/bambapolitica.com.mx\/wp-content\/uploads\/2021\/04\/VACUNA-A-ABUELITA-DE-101-A\u00d1OS-DE-EDAD-3-1.jpeg\" data-link=\"https:\/\/bambapolitica.com.mx\/index.php\/2021\/04\/01\/vacunense-pide-abuelita-ixtapaluquense-de-101-anos-de-edad\/vacuna-a-abuelita-de-101-anos-de-edad-3-1\/\" class=\"wp-image-20948\"\/><\/figure><\/li><\/ul><\/figure>\n\n\n\n<p>Tiene 101 a\u00f1os de edad, est\u00e1 l\u00facida y es ejemplo de que la pandemia es tiempo para cuidarse. Juanita sali\u00f3 muy temprano de Cuatro Vientos, su hogar desde hace 20 a\u00f1os en Ixtapaluca, para vacunarse contra el COVID porque como dice con una sonrisa: \u201cno quiero que me toque, porque esto es real\u201d.<\/p>\n\n\n\n<p>Ella, como miles de personas mayores de 60 a\u00f1os de edad, ya se vacun\u00f3 porque sabe que \u201cun virus\u201d se ha llevado ya a mucha gente; por eso se cuida y aunque ya no puede salir, porque el dolor en sus piernas se lo impide, cuando lo hace en su silla de ruedas como hoy, usa el cubre boca.<\/p>\n\n\n\n<p>Acompa\u00f1ada por su sobrina pol\u00edtica, Lupita, como le dice de cari\u00f1o, obedeci\u00f3 que hab\u00eda que vacunarse y acudi\u00f3 temprano a la explanada municipal, una de las cuatro sedes implementadas para la aplicar el biol\u00f3gico, en el segundo d\u00eda de la jornada de vacunaci\u00f3n en Ixtapaluca. Ah\u00ed fue recibida y abrigada con una cobija para mitigar el fr\u00edo.<\/p>\n\n\n\n<p>\u201cTodos han sido muy amables, son muy buenas personas. Llegamos muy temprano y los jovencitos me ayudaron a entrar. Estaba nerviosa, pero despu\u00e9s ya no. No me doli\u00f3 nada la vacuna y me siento muy bien. Esto era necesario. Vac\u00fanense\u201d, platic\u00f3 mientras esperaba los 15 minutos necesarios para saber si ten\u00eda alguna reacci\u00f3n secundaria.<\/p>\n\n\n\n<p>Ahora, do\u00f1a Juanita, quien tiene una hija de 82 a\u00f1os, dice que los j\u00f3venes deben cuidarse porque esto de la pandemia es verdad. Su vida ha estado alejada de vicios y lo \u00fanico que le duele son las piernas, y el COVID no le ha tocado, coment\u00f3.<\/p>\n\n\n\n<p>Sin complicaci\u00f3n alguna en su salud, do\u00f1a Juanita fue ayudada por su sobrina y el personal de Protecci\u00f3n Civil y Bomberos, as\u00ed como j\u00f3venes voluntarios para retirarse y esperar la segunda dosis de la vacuna que le ayude a evitar un contagio de coronavirus.<\/p>\n","protected":false},"excerpt":{"rendered":"<p>Do\u00f1a Juanita afirma que la pandemia es real y la vacuna contra el COVID \u201cno&#8230;<\/p>\n","protected":false},"author":4,"featured_media":0,"comment_status":"closed","ping_status":"closed","sticky":false,"template":"","format":"standard","meta":{"footnotes":""},"categories":[4],"tags":[],"class_list":["post-20943","post","type-post","status-publish","format-standard","hentry","category-noticias-del-dia"],"_links":{"self":[{"href":"https:\/\/bambapolitica.com.mx\/index.php\/wp-json\/wp\/v2\/posts\/20943","targetHints":{"allow":["GET"]}}],"collection":[{"href":"https:\/\/bambapolitica.com.mx\/index.php\/wp-json\/wp\/v2\/posts"}],"about":[{"href":"https:\/\/bambapolitica.com.mx\/index.php\/wp-json\/wp\/v2\/types\/post"}],"author":[{"embeddable":true,"href":"https:\/\/bambapolitica.com.mx\/index.php\/wp-json\/wp\/v2\/users\/4"}],"replies":[{"embeddable":true,"href":"https:\/\/bambapolitica.com.mx\/index.php\/wp-json\/wp\/v2\/comments?post=20943"}],"version-history":[{"count":2,"href":"https:\/\/bambapolitica.com.mx\/index.php\/wp-json\/wp\/v2\/posts\/20943\/revisions"}],"predecessor-version":[{"id":20949,"href":"https:\/\/bambapolitica.com.mx\/index.php\/wp-json\/wp\/v2\/posts\/20943\/revisions\/20949"}],"wp:attachment":[{"href":"https:\/\/bambapolitica.com.mx\/index.php\/wp-json\/wp\/v2\/media?parent=20943"}],"wp:term":[{"taxonomy":"category","embeddable":true,"href":"https:\/\/bambapolitica.com.mx\/index.php\/wp-json\/wp\/v2\/categories?post=20943"},{"taxonomy":"post_tag","embeddable":true,"href":"https:\/\/bambapolitica.com.mx\/index.php\/wp-json\/wp\/v2\/tags?post=20943"}],"curies":[{"name":"wp","href":"https:\/\/api.w.org\/{rel}","templated":true}]}}