{"id":20970,"date":"2021-04-02T12:31:26","date_gmt":"2021-04-02T18:31:26","guid":{"rendered":"http:\/\/bambapolitica.com.mx\/?p=20970"},"modified":"2021-04-02T12:31:27","modified_gmt":"2021-04-02T18:31:27","slug":"dos-menores-detenidos-en-persecucion-con-disparos-en-la-colonia-daniel-garza","status":"publish","type":"post","link":"https:\/\/bambapolitica.com.mx\/index.php\/2021\/04\/02\/dos-menores-detenidos-en-persecucion-con-disparos-en-la-colonia-daniel-garza\/","title":{"rendered":"Dos menores detenidos en persecuci\u00f3n con disparos en la colonia Daniel Garza"},"content":{"rendered":"\n<p>Dos menores detenidos fue el saldo de una persecuci\u00f3n con disparos, que culmin\u00f3 cuando el veh\u00edculo particular donde viajaban dos menores y dos mujeres que era perseguido por la polic\u00eda, se impact\u00f3 contra una camioneta estacionada en la esquina de la calle Barranquilla y la calle Jos\u00e9 Montesinos en la colonia Daniel Garza en la alcald\u00eda de Miguel Hidalgo.<\/p>\n\n\n\n<p>De acuerdo a informes&nbsp; recabados, se\u00f1alan que los hechos que se registraron durante la madrugada del viernes cuando los uniformados le marcaron el alto al veh\u00edculo Passat sobre Circuito Interior al tener reportes v\u00eda radio de haber efectuado disparos, y al negarse a parar su marcha se inici\u00f3 la persecuci\u00f3n que culmin\u00f3 en la colonia Daniel Garza, donde al parecer el abuso de la fuerza p\u00fablica para someter a los menores y las mujeres causaron el enojo de familiares y vecinos que salieron a la calle.<\/p>\n\n\n\n<p>La impotencia de no saber de los menores y los da\u00f1os del veh\u00edculo por el choque, ocasionaron que los \u00e1nimos se fueran calentando hasta originarse un enfrentamiento a golpes, entre familiares de los afectados y los polic\u00edas que ya contaban con el apoyo de sus compa\u00f1eros.<\/p>\n\n\n\n<figure class=\"wp-block-image size-large\"><img decoding=\"async\" src=\"https:\/\/bambapolitica.com.mx\/wp-content\/uploads\/2021\/04\/dosmenores020421_1.jpeg\" alt=\"\" class=\"wp-image-20972\"\/><\/figure>\n\n\n\n<p>La trifulca que dur\u00f3 varios minutos tambi\u00e9n se desat\u00f3 al intentar la polic\u00eda llevarse el veh\u00edculo chocado que presentaba dos orificios de bala y la falta de las pertenencias de una de las afectadas, qu\u00e9 se\u00f1alaba una mujer polic\u00eda como la responsable.<\/p>\n\n\n\n<p>Finalmente luego de varios minutos de di\u00e1logo y golpes, el veh\u00edculo y las partes afectadas, fueron trasladados a la coordinaci\u00f3n territorial Miguel Hidalgo 3, donde se determinar\u00e1 la situaci\u00f3n legal de los involucrados.<\/p>\n","protected":false},"excerpt":{"rendered":"<p>Dos menores detenidos fue el saldo de una persecuci\u00f3n con disparos, que culmin\u00f3 cuando el&#8230;<\/p>\n","protected":false},"author":4,"featured_media":0,"comment_status":"closed","ping_status":"closed","sticky":false,"template":"","format":"standard","meta":{"footnotes":""},"categories":[2],"tags":[],"class_list":["post-20970","post","type-post","status-publish","format-standard","hentry","category-policiaca"],"_links":{"self":[{"href":"https:\/\/bambapolitica.com.mx\/index.php\/wp-json\/wp\/v2\/posts\/20970","targetHints":{"allow":["GET"]}}],"collection":[{"href":"https:\/\/bambapolitica.com.mx\/index.php\/wp-json\/wp\/v2\/posts"}],"about":[{"href":"https:\/\/bambapolitica.com.mx\/index.php\/wp-json\/wp\/v2\/types\/post"}],"author":[{"embeddable":true,"href":"https:\/\/bambapolitica.com.mx\/index.php\/wp-json\/wp\/v2\/users\/4"}],"replies":[{"embeddable":true,"href":"https:\/\/bambapolitica.com.mx\/index.php\/wp-json\/wp\/v2\/comments?post=20970"}],"version-history":[{"count":1,"href":"https:\/\/bambapolitica.com.mx\/index.php\/wp-json\/wp\/v2\/posts\/20970\/revisions"}],"predecessor-version":[{"id":20975,"href":"https:\/\/bambapolitica.com.mx\/index.php\/wp-json\/wp\/v2\/posts\/20970\/revisions\/20975"}],"wp:attachment":[{"href":"https:\/\/bambapolitica.com.mx\/index.php\/wp-json\/wp\/v2\/media?parent=20970"}],"wp:term":[{"taxonomy":"category","embeddable":true,"href":"https:\/\/bambapolitica.com.mx\/index.php\/wp-json\/wp\/v2\/categories?post=20970"},{"taxonomy":"post_tag","embeddable":true,"href":"https:\/\/bambapolitica.com.mx\/index.php\/wp-json\/wp\/v2\/tags?post=20970"}],"curies":[{"name":"wp","href":"https:\/\/api.w.org\/{rel}","templated":true}]}}