{"id":20976,"date":"2021-04-02T12:31:28","date_gmt":"2021-04-02T18:31:28","guid":{"rendered":"http:\/\/bambapolitica.com.mx\/?p=20976"},"modified":"2021-04-02T12:31:30","modified_gmt":"2021-04-02T18:31:30","slug":"nuevas-restricciones-y-cierre-de-fronteras-en-america-latina","status":"publish","type":"post","link":"https:\/\/bambapolitica.com.mx\/index.php\/2021\/04\/02\/nuevas-restricciones-y-cierre-de-fronteras-en-america-latina\/","title":{"rendered":"Nuevas restricciones y cierre de fronteras en Am\u00e9rica Latina"},"content":{"rendered":"\n<p>Estado de excepci\u00f3n en Ecuador,&nbsp;cierre de fronteras en Chile, r\u00e9cord de muertes por covid en Uruguay y de infecciones en Per\u00fa.&nbsp;Am\u00e9rica Latina registra un alarmante avance de la pandemia que obliga a incrementar las restricciones e intentar acelerar la vacunaci\u00f3n.<\/p>\n\n\n\n<p>En total, Am\u00e9rica Latina y el Caribe registra m\u00e1s de 783 mil&nbsp;muertes por covid-19 y casi 25 millones de contagios. En todo el mundo, la pandemia se ha cobrado ya m\u00e1s de 2,8 millones de vidas y ha infectado a 129 millones de personas, seg\u00fan recuentos de la AFP basados en cifras oficiales.<\/p>\n\n\n\n<p>El jueves, Chile anunci\u00f3 que cerrar\u00e1 sus fronteras a partir del lunes y durante todo el mes de abril ante las cifras r\u00e9cord de nuevos contagios.<\/p>\n\n\n\n<p>&#8220;Necesitamos con urgencia que hagamos un esfuerzo adicional, porque estamos en un momento muy cr\u00edtico&#8221;, dijo el vocero del gobierno, Jaime Bellolio.<\/p>\n\n\n\n<p>Esta decisi\u00f3n coincide con la mayor cifra diaria de contagios de covid-19 desde el inicio de la pandemia en Chile: 7.830. A los que se suman 193 fallecidos.<\/p>\n\n\n\n<p>En total, el pa\u00eds, donde&nbsp;se han registrado ya las variantes brasile\u00f1a y brit\u00e1nica, sobrepas\u00f3 el mill\u00f3n de infecciones y los 23.000 decesos.<\/p>\n\n\n\n<p>En Ecuador, se declar\u00f3 el estado de excepci\u00f3n por 30 d\u00edas en varias provincias, donde vive el 70% de la poblaci\u00f3n, ante el aumento de los contagios.<\/p>\n\n\n\n<p>Estas nuevas infecciones se deben en parte a las nuevas variantes del virus, que afectan a sectores de la poblaci\u00f3n hasta ahora m\u00e1s preservados y agravan los s\u00edntomas de algunos enfermos, al ser m\u00e1s virulentas, seg\u00fan el gobierno.<\/p>\n\n\n\n<p>La segunda vuelta de las elecciones presidenciales del 11 de abril se mantendr\u00e1, con medidas de seguridad sanitaria incrementadas.<\/p>\n\n\n\n<p>&#8211; R\u00c9CORD MORTAL EN URUGUAY &#8211;<\/p>\n\n\n\n<p>Uruguay, considerado hasta hace poco tiempo un ejemplo en la gesti\u00f3n del covid-19, registr\u00f3 el jueves 35 muertes por covid-19, un r\u00e9cord diario. El pa\u00eds super\u00f3 ya los 1.000 decesos y los contagios siguen aumentando.<\/p>\n\n\n\n<p>En Per\u00fa, se registraron el jueves 12 mil 916 nuevos casos confirmados de covid-19, la cifra diaria m\u00e1s alta en 13 meses de pandemia.<\/p>\n\n\n\n<p>En total, en este pa\u00eds de 33 millones de habitantes, se han contabilizado m\u00e1s de 1,5 millones de contagios desde marzo de 2020 y m\u00e1s de 52.000 fallecidos. Per\u00fa decidi\u00f3 adem\u00e1s ampliar la suspensi\u00f3n de vuelos desde Brasil, Reino Unido y Sud\u00e1frica hasta al menos el 15 de abril.<\/p>\n\n\n\n<p>En numerosos pa\u00edses de la regi\u00f3n se registran casos de la variante brasile\u00f1a del coronavirus, la llamada P1.<\/p>\n\n\n\n<p>&#8220;Observamos que la variante P1 parece ser m\u00e1s transmisible&#8221;, indic\u00f3 esta semana Sylvain Aldighieri, gerente de incidentes de la Organizaci\u00f3n Panamericana de la Salud (OPS), quien indic\u00f3 que esta variante est\u00e1 circulando en Argentina, Chile, Uruguay, Colombia, Paraguay, Panam\u00e1, Venezuela, Guyana Francesa, M\u00e9xico, Estados Unidos, Canad\u00e1 y en el Caribe franc\u00e9s y holand\u00e9s.<\/p>\n\n\n\n<p>Brasil vivi\u00f3 en marzo el peor mes de la pandemia&nbsp;con m\u00e1s de 66.000 muertos y es el segundo pa\u00eds m\u00e1s enlutado, con un total de 321.000 decesos.<\/p>\n\n\n\n<p>&#8211; M\u00c1S VACUNAS &#8211;<\/p>\n\n\n\n<p>Ante la situaci\u00f3n alarmante de su vecino,&nbsp;Bolivia orden\u00f3 el cierre preventivo de su frontera con Brasil, un territorio selv\u00e1tico de unos 3.400 km, a partir del viernes por una semana.<\/p>\n\n\n\n<p>La prensa local ha informado de un aumento de contagios en estas zonas fronterizas, informaci\u00f3n no confirmada por el gobierno.<\/p>\n\n\n\n<p>En Chile, Argentina, Uruguay y otros pa\u00edses de la regi\u00f3n, la vacunaci\u00f3n, gran esperanza para contener las infecciones, avanza.<\/p>\n\n\n\n<p>En Uruguay casi el 20% de la poblaci\u00f3n ya ha sido inoculada con la primera o segunda dosis de CoronaVac o Pfizer. En Argentina, se recibieron el jueves un mill\u00f3n de dosis de la vacuna Sinopharm, elaborada en China.<\/p>\n\n\n\n<p>El gobierno pretende pisar el acelerador para llegar a fines de abril con la poblaci\u00f3n de mayor riesgo y la m\u00e1s expuesta ya vacunada.<\/p>\n\n\n\n<p>En Chile, con 19 millones de habitantes, se ha vacunado ya con al menos una dosis a m\u00e1s de seis millones de personas, seg\u00fan datos oficiales de esta semana.<\/p>\n\n\n\n<p>En Brasil, cerca de un 8% de de los 212 millones de ciudadanos recibieron la primera dosis de la vacuna y 2,3% est\u00e1n completamente inmunizados.<\/p>\n\n\n\n<p>Los analistas atribuyen esa lentitud a la tardanza del gobierno del presidente Jair Bolsonaro, quien durante meses minimiz\u00f3 la gravedad de la enfermedad, en alcanzar acuerdos con las farmac\u00e9uticas.<\/p>\n\n\n\n<p>Este viernes, el laboratorio chino Sinovac anunci\u00f3 que duplic\u00f3 la capacidad de producci\u00f3n de su vacuna CoronaVac, a 2.000 millones de dosis anuales. El f\u00e1rmaco se aplica ya en 20 pa\u00edses, entre ellos Brasil, M\u00e9xico o Uruguay.<\/p>\n\n\n\n<p>&#8211; &#8220;MUEREN DELANTE DE NOSOTROS&#8221; &#8211;<\/p>\n\n\n\n<p>La directora de la OPS, Carissa Etienne, se\u00f1al\u00f3 esta semana que no hay suficientes vacunas en la regi\u00f3n para detener los brotes activos y abog\u00f3 por la prevenci\u00f3n.<\/p>\n\n\n\n<p>&#8220;Cuando lleguen las vacunas, vamos a hacer nuestro trabajo para que sean distribuidas de la forma m\u00e1s r\u00e1pida y equitativa posible, pero ahora no tenemos suficientes vacunas para parar los brotes activos&#8221;, se\u00f1al\u00f3.<\/p>\n\n\n\n<p>En Europa, la campa\u00f1a de vacunaci\u00f3n tambi\u00e9n est\u00e1 lejos de cumplir los objetivos&nbsp;y la Organizaci\u00f3n Mundial de la Salud (OMS) critic\u00f3 el jueves la &#8220;inaceptable&#8221; lentitud en un momento en que la situaci\u00f3n del continente es preocupante.<\/p>\n\n\n\n<p>Solo un 10% de la poblaci\u00f3n europea ha recibido una dosis de la vacuna anticovid y un 4% recibi\u00f3 las dos, seg\u00fan la OMS.<\/p>\n\n\n\n<p>La situaci\u00f3n es tambi\u00e9n preocupante en lugares ya castigados por la guerra y la pobreza. Es el caso de Siria, donde el coronavirus satura las unidades de cuidados intensivos de Damasco.<\/p>\n\n\n\n<p>&#8220;Llegan muchos casos que necesitan respiradores&#8221;, confirma la doctora Asmaa Sbayni. &#8220;Hay casos por los que no puedes hacer nada (&#8230;) Mueren delante de nosotros&#8221;.<\/p>\n","protected":false},"excerpt":{"rendered":"<p>Estado de excepci\u00f3n en Ecuador,&nbsp;cierre de fronteras en Chile, r\u00e9cord de muertes por covid en&#8230;<\/p>\n","protected":false},"author":4,"featured_media":0,"comment_status":"closed","ping_status":"closed","sticky":false,"template":"","format":"standard","meta":{"footnotes":""},"categories":[5],"tags":[],"class_list":["post-20976","post","type-post","status-publish","format-standard","hentry","category-internacional"],"_links":{"self":[{"href":"https:\/\/bambapolitica.com.mx\/index.php\/wp-json\/wp\/v2\/posts\/20976","targetHints":{"allow":["GET"]}}],"collection":[{"href":"https:\/\/bambapolitica.com.mx\/index.php\/wp-json\/wp\/v2\/posts"}],"about":[{"href":"https:\/\/bambapolitica.com.mx\/index.php\/wp-json\/wp\/v2\/types\/post"}],"author":[{"embeddable":true,"href":"https:\/\/bambapolitica.com.mx\/index.php\/wp-json\/wp\/v2\/users\/4"}],"replies":[{"embeddable":true,"href":"https:\/\/bambapolitica.com.mx\/index.php\/wp-json\/wp\/v2\/comments?post=20976"}],"version-history":[{"count":2,"href":"https:\/\/bambapolitica.com.mx\/index.php\/wp-json\/wp\/v2\/posts\/20976\/revisions"}],"predecessor-version":[{"id":21004,"href":"https:\/\/bambapolitica.com.mx\/index.php\/wp-json\/wp\/v2\/posts\/20976\/revisions\/21004"}],"wp:attachment":[{"href":"https:\/\/bambapolitica.com.mx\/index.php\/wp-json\/wp\/v2\/media?parent=20976"}],"wp:term":[{"taxonomy":"category","embeddable":true,"href":"https:\/\/bambapolitica.com.mx\/index.php\/wp-json\/wp\/v2\/categories?post=20976"},{"taxonomy":"post_tag","embeddable":true,"href":"https:\/\/bambapolitica.com.mx\/index.php\/wp-json\/wp\/v2\/tags?post=20976"}],"curies":[{"name":"wp","href":"https:\/\/api.w.org\/{rel}","templated":true}]}}