{"id":21010,"date":"2021-04-02T13:34:50","date_gmt":"2021-04-02T19:34:50","guid":{"rendered":"http:\/\/bambapolitica.com.mx\/?p=21010"},"modified":"2021-04-02T13:34:51","modified_gmt":"2021-04-02T19:34:51","slug":"clausuran-juego-por-muerte-de-nino-padre-acusa-negligencias-2","status":"publish","type":"post","link":"https:\/\/bambapolitica.com.mx\/index.php\/2021\/04\/02\/clausuran-juego-por-muerte-de-nino-padre-acusa-negligencias-2\/","title":{"rendered":"Clausuran juego por muerte de ni\u00f1o; padre acusa negligencias"},"content":{"rendered":"\n<p>La ambulancia que lo llev\u00f3 al hospital no ten\u00eda el equipo adecuado y se le neg\u00f3 el traslado a\u00e9reo a otro lugar.<\/p>\n\n\n\n<p>Luego de que el pasado fin de semana un ni\u00f1o de 13 a\u00f1os de edad perdi\u00f3 la vida tras un accidente en las instalaciones del parque tem\u00e1tico Xenses, ayer por la tarde fue clausurado.<\/p>\n\n\n\n<p>Elementos de Protecci\u00f3n Civil del ayuntamiento de Solidaridad llegaron a las instalaciones del parque donde procedieron a colocar los sellos de clausura, que permanecer\u00e1n ah\u00ed hasta que concluyan las investigaciones del caso.<\/p>\n\n\n\n<p>Trascendi\u00f3 que, originalmente, las autoridades cerrar\u00edan el parque por completo; sin embargo, tras dialogar con personal del lugar, se procedi\u00f3 \u00fanicamente a cerrar el acceso a esa atracci\u00f3n en particular llamada Riolajante, con el argumento de que el error humano que provoc\u00f3 el accidente que priv\u00f3 de la vida al menor se cometi\u00f3 espec\u00edficamente ah\u00ed.<\/p>\n\n\n\n<p>El menor de edad de nombre Leo y su familia viajaron de Durango a Quintana Roo para celebrar que hab\u00edan superado la enfermedad de covid-19 y deseaban disfrutar de d\u00edas de esparcimiento en los parques de Xcaret.<\/p>\n\n\n\n<p>El padre del ni\u00f1o, el doctor Miguel \u00c1ngel Luna Calvo, relat\u00f3 que tanto \u00e9l como su hijo fueron \u201csuccionados\u201d por el limpiador de basura de medio metro de di\u00e1metro que los llev\u00f3 a una caverna; la fuerza de la succi\u00f3n provoc\u00f3 el desprendimiento de una de las piernas del ni\u00f1o y aun con su experiencia y pericia no logr\u00f3 salvarlo, pues ni el parque ni la ambulancia que lleg\u00f3 contaba con lo m\u00ednimo indispensable para ello.<\/p>\n\n\n\n<p>Yo saqu\u00e9 a mi hijo; llegaron los param\u00e9dicos sin nada, le di respiraci\u00f3n de boca a boca, masaje en su pecho, lo llevaron en una ambulancia a un hospital lejano y limitado, sin especialistas; les ped\u00ed llevarlo a otro lado, quer\u00eda trasladarlo a la Ciudad de M\u00e9xico, pero el hospital no me dio el visto bueno para trasladarlo, sent\u00ed que no quer\u00edan dejarlo salir de Quintana Roo\u201d.<\/p>\n\n\n\n<p>Asever\u00f3 que, desde octubre pasado, seg\u00fan m\u00e9dicos donde atendieron a su hijo, ese orificio en el parque estaba abierto y ya hab\u00eda habido m\u00e1s accidentes, pero no fatales.<\/p>\n\n\n\n<p>Asegur\u00f3 que recuperar el cuerpo de su hijo fue otra experiencia dram\u00e1tica pues en primera instancia, alguien pag\u00f3 la cuenta del hospital sin previo aviso y para recibir el cuerpo tuvo que firmar un documento en el que otorgaba el perd\u00f3n a favor del parque Xenses.<\/p>\n\n\n\n<p>No me quer\u00edan dar el cuerpo de mi hijo, literalmente me hinqu\u00e9 de rodillas frente la abogada \u00c1frica, que estaba en la Fiscal\u00eda, pero me dijeron que primero ten\u00eda que darle el perd\u00f3n al parque para que me entregaran a mi hijo; lo firm\u00e9, pero le ped\u00ed que me diera la oportunidad de dar la relator\u00eda de los hechos. Avisaron 4 horas despu\u00e9s de la muerte a la Fiscal\u00eda. Me amenazaron con tener el cuerpo de mi hijo 10 d\u00edas ah\u00ed\u201d.<\/p>\n\n\n\n<p>Agreg\u00f3 que pas\u00f3 m\u00e1s de seis horas en la Fiscal\u00eda General del Estado de Quintana Roo, en espera del cuerpo de su hijo, y que pudo saber que el expediente del caso indica ahogamiento, como si la responsabilidad hubiera reca\u00eddo del lado del ni\u00f1o o de su familia y no en el propio parque.<\/p>\n\n\n\n<p>QUE NO OCURRA DE NUEVO<\/p>\n\n\n\n<p>El doctor Luna ha declarado que no busca dinero, sino que el parque haga lo necesario para que esto no vuelva a suceder y no se pierda otra vida. \u201cSi no se alza la voz, sigue pasando; por eso en M\u00e9xico estamos as\u00ed. Hay que hacer algo. Puede ser que mucha gente, por falta de informaci\u00f3n o muchas cosas no diga nada, pero nosotros no, queremos llegar hasta las \u00faltimas consecuencias y que el parque tenga las medidas adecuadas para que no se muera nadie\u201d, expres\u00f3.<\/p>\n\n\n\n<p>Grupo Xcaret public\u00f3 un comunicado de prensa en el que el parque Xenses lamenta el deceso del ni\u00f1o, expresa sus condolencias, y reconoce que un error humano ocasion\u00f3 la falla que provoc\u00f3 el accidente. Asegura que se han atendido las necesidades de la familia y que en conjunto con su departamento de Ingenier\u00eda y Mantenimiento Avanzado ya analiza alternativas para que esto nunca vuelva a suceder.<\/p>\n\n\n\n<p>\u00d3scar Montes de Oca, fiscal de Quintana Roo, dijo que no se pod\u00eda entregar el cuerpo porque el padre de Leonardo no quiso que se le hiciera la necropsia al menor y por eso se le condicion\u00f3 que le diera el perd\u00f3n al parque.<\/p>\n\n\n\n<p>DEMANDAN QUE HAYA JUSTICIA<\/p>\n\n\n\n<p>Justicia para Leo es la petici\u00f3n que se demanda a trav\u00e9s de la plataforma change.org para el menor fallecido Leo Luna, originario de Durango, quien falleciera en d\u00edas pasados en Canc\u00fan, Quintana Roo.<\/p>\n\n\n\n<p>En sus redes sociales el m\u00e9dico cardi\u00f3logo public\u00f3: \u201cEstimados amigos, tuve una tragedia en el parque Xenses el d\u00eda 27 de marzo, mi hijo de 13 a\u00f1os muri\u00f3, hay irregularidades en la investigaci\u00f3n, me pueden ayudar. Soy cardi\u00f3logo, no vacunado, tuvimos covid toda mi familia.\u201d<\/p>\n","protected":false},"excerpt":{"rendered":"<p>La ambulancia que lo llev\u00f3 al hospital no ten\u00eda el equipo adecuado y se le&#8230;<\/p>\n","protected":false},"author":4,"featured_media":0,"comment_status":"closed","ping_status":"closed","sticky":false,"template":"","format":"standard","meta":{"footnotes":""},"categories":[4],"tags":[],"class_list":["post-21010","post","type-post","status-publish","format-standard","hentry","category-noticias-del-dia"],"_links":{"self":[{"href":"https:\/\/bambapolitica.com.mx\/index.php\/wp-json\/wp\/v2\/posts\/21010","targetHints":{"allow":["GET"]}}],"collection":[{"href":"https:\/\/bambapolitica.com.mx\/index.php\/wp-json\/wp\/v2\/posts"}],"about":[{"href":"https:\/\/bambapolitica.com.mx\/index.php\/wp-json\/wp\/v2\/types\/post"}],"author":[{"embeddable":true,"href":"https:\/\/bambapolitica.com.mx\/index.php\/wp-json\/wp\/v2\/users\/4"}],"replies":[{"embeddable":true,"href":"https:\/\/bambapolitica.com.mx\/index.php\/wp-json\/wp\/v2\/comments?post=21010"}],"version-history":[{"count":1,"href":"https:\/\/bambapolitica.com.mx\/index.php\/wp-json\/wp\/v2\/posts\/21010\/revisions"}],"predecessor-version":[{"id":21012,"href":"https:\/\/bambapolitica.com.mx\/index.php\/wp-json\/wp\/v2\/posts\/21010\/revisions\/21012"}],"wp:attachment":[{"href":"https:\/\/bambapolitica.com.mx\/index.php\/wp-json\/wp\/v2\/media?parent=21010"}],"wp:term":[{"taxonomy":"category","embeddable":true,"href":"https:\/\/bambapolitica.com.mx\/index.php\/wp-json\/wp\/v2\/categories?post=21010"},{"taxonomy":"post_tag","embeddable":true,"href":"https:\/\/bambapolitica.com.mx\/index.php\/wp-json\/wp\/v2\/tags?post=21010"}],"curies":[{"name":"wp","href":"https:\/\/api.w.org\/{rel}","templated":true}]}}