{"id":21013,"date":"2021-04-02T13:36:13","date_gmt":"2021-04-02T19:36:13","guid":{"rendered":"http:\/\/bambapolitica.com.mx\/?p=21013"},"modified":"2021-04-02T13:36:14","modified_gmt":"2021-04-02T19:36:14","slug":"repuntan-casos-y-decesos-en-cdmx-y-edomex-reporte-de-covid-19","status":"publish","type":"post","link":"https:\/\/bambapolitica.com.mx\/index.php\/2021\/04\/02\/repuntan-casos-y-decesos-en-cdmx-y-edomex-reporte-de-covid-19\/","title":{"rendered":"Repuntan casos y decesos en CDMX y Edomex: reporte de covid-19"},"content":{"rendered":"\n<p>Suman 203 mil 664 muertes debido al registro de 454 fallecimientos recientes, seg\u00fan el reporte oficial.<\/p>\n\n\n\n<p>En M\u00e9xico, el n\u00famero de muertes por covid-19 se elev\u00f3 a 203 mil 664, debido al registro de 454 decesos recientes. El mayor n\u00famero de defunciones se siguen concentrando en la Ciudad de M\u00e9xico y en el Estado de M\u00e9xico.<\/p>\n\n\n\n<p>De acuerdo con el reporte t\u00e9cnico del 1 de abril, los casos confirmados acumulados ascendieron a 2 millones 244 mil 268 debido a la ocurrencia de 5 mil 381 nuevos contagios. Cabe se\u00f1alar que 27% de estos casos, es decir la mayor\u00eda, se registr\u00f3 tambi\u00e9n en la Ciudad de M\u00e9xico.<\/p>\n\n\n\n<p>Existen 32 mil 833 casos activos estimados. Actualmente la capital del pa\u00eds y la entidad mexiquense aglutinan el mayor n\u00famero de casos activos.<\/p>\n\n\n\n<p>Hasta el momento, un mill\u00f3n 777 mil 697 personas se han recuperado de la enfermedad.<\/p>\n\n\n\n<p>SOSPECHOSOS<br>Adem\u00e1s, existen 440 mil casos sospechosos de coronavirus, inform\u00f3 la Secretar\u00eda de Salud.<\/p>\n\n\n\n<p>Al corte del 1 de abril, se han aplicado ocho millones 292 mil 033 vacunas contra coronavirus.<\/p>\n\n\n\n<p>Del total, 6 millones 140 mil 669 corresponden a la primera dosis aplicada a los adultos mayores y 335 mil 527 a la segunda dosis.<\/p>\n\n\n\n<p>SEMANA SANTA, TRENDING TOPIC<\/p>\n\n\n\n<p>Ya desde el mediod\u00eda del jueves primero de abril el t\u00e9rmino Semana Santa era el n\u00famero tres en tendencias de b\u00fasqueda en Google M\u00e9xico y las b\u00fasquedas relacionadas con este t\u00e9rmino eran \u201cdemarcaciones territoriales de la Ciudad de M\u00e9xico, \u201cIztapalapa\u201d, \u201cDerecho\u201d y \u201cley seca\u201d.<\/p>\n\n\n\n<p>Semana Santa\u201d aparec\u00eda de nuevo en las b\u00fasquedas en el lugar n\u00famero 25, pero ahora con b\u00fasquedas relacionadas con la palabra \u201cpescado\u201d y m\u00e1s abajo en el lugar 29 relacionada con el t\u00e9rmino Heroica Puebla de Zaragoza\u201d y \u201cMarisco\u201d y en el lugar 35 con \u201cEstado de M\u00e9xico\u201d.<\/p>\n\n\n\n<p>Relacionado con las celebraciones cat\u00f3licas aparec\u00eda tambi\u00e9n en el lugar 38 la b\u00fasqueda \u201cProcesi\u00f3n del Silencio en San Luis Potos\u00ed\u201d, \u201cCoahuila de Zaragoza\u201d, \u201cProcesi\u00f3n\u201d y \u201cViesca\u201d. En el lugar 48 estaba ya la b\u00fasqueda \u201cVia crucis\u201d y \u201cViernes Santo\u201d, en 49 \u201cSemana Santa\u201d y \u201cCiudad de M\u00e9xico\u201d. En el 51 \u201cJes\u00fas de Nazaret\u201d, \u201cJueves Santo\u201d, \u201cLa \u00faltima cena\u201d, \u201cJudas Iscariote, \u201cAp\u00f3stol\u201d y \u201cJudas Tadeo\u201d. En el lugar 54 los t\u00e9rminos eran \u201cSemana Santa\u201d, \u201cJueves Santo\u201d y \u201cLavatorio\u201d. En el lugar 55 la b\u00fasqueda era de nuevo \u201cSemana Santa\u201d pero ahora asociada con el t\u00e9rmino \u201cNetflix\u201d.<br>exc\u00e9lsior.<\/p>\n","protected":false},"excerpt":{"rendered":"<p>Suman 203 mil 664 muertes debido al registro de 454 fallecimientos recientes, seg\u00fan el reporte&#8230;<\/p>\n","protected":false},"author":4,"featured_media":0,"comment_status":"closed","ping_status":"closed","sticky":false,"template":"","format":"standard","meta":{"footnotes":""},"categories":[4],"tags":[],"class_list":["post-21013","post","type-post","status-publish","format-standard","hentry","category-noticias-del-dia"],"_links":{"self":[{"href":"https:\/\/bambapolitica.com.mx\/index.php\/wp-json\/wp\/v2\/posts\/21013","targetHints":{"allow":["GET"]}}],"collection":[{"href":"https:\/\/bambapolitica.com.mx\/index.php\/wp-json\/wp\/v2\/posts"}],"about":[{"href":"https:\/\/bambapolitica.com.mx\/index.php\/wp-json\/wp\/v2\/types\/post"}],"author":[{"embeddable":true,"href":"https:\/\/bambapolitica.com.mx\/index.php\/wp-json\/wp\/v2\/users\/4"}],"replies":[{"embeddable":true,"href":"https:\/\/bambapolitica.com.mx\/index.php\/wp-json\/wp\/v2\/comments?post=21013"}],"version-history":[{"count":1,"href":"https:\/\/bambapolitica.com.mx\/index.php\/wp-json\/wp\/v2\/posts\/21013\/revisions"}],"predecessor-version":[{"id":21016,"href":"https:\/\/bambapolitica.com.mx\/index.php\/wp-json\/wp\/v2\/posts\/21013\/revisions\/21016"}],"wp:attachment":[{"href":"https:\/\/bambapolitica.com.mx\/index.php\/wp-json\/wp\/v2\/media?parent=21013"}],"wp:term":[{"taxonomy":"category","embeddable":true,"href":"https:\/\/bambapolitica.com.mx\/index.php\/wp-json\/wp\/v2\/categories?post=21013"},{"taxonomy":"post_tag","embeddable":true,"href":"https:\/\/bambapolitica.com.mx\/index.php\/wp-json\/wp\/v2\/tags?post=21013"}],"curies":[{"name":"wp","href":"https:\/\/api.w.org\/{rel}","templated":true}]}}