{"id":21233,"date":"2021-04-06T14:12:02","date_gmt":"2021-04-06T20:12:02","guid":{"rendered":"http:\/\/bambapolitica.com.mx\/?p=21233"},"modified":"2021-04-06T14:12:02","modified_gmt":"2021-04-06T20:12:02","slug":"usuario-corre-por-vias-del-metro-en-l1-e-interrumpe-servicio","status":"publish","type":"post","link":"https:\/\/bambapolitica.com.mx\/index.php\/2021\/04\/06\/usuario-corre-por-vias-del-metro-en-l1-e-interrumpe-servicio\/","title":{"rendered":"Usuario corre por v\u00edas del Metro en L1 e interrumpe servicio"},"content":{"rendered":"\n<p>El&nbsp;Sistema de Transporte Colectivo (STC) report\u00f3 que el servicio de la L\u00ednea 1 se vio interrumpido a partir de las 18:57 horas debido a que un usuario accion\u00f3 la palanca de emergencia del tren en la estaci\u00f3n Tacubaya.<\/p>\n\n\n\n<p>Elementos de la Polic\u00eda Bancaria e Industrial (PBI) aseguraron a la persona en la estaci\u00f3n Juanacatl\u00e1n.<\/p>\n\n\n\n<p>Para las 19:36 horas, se hab\u00eda restablecido la circulaci\u00f3n de trenes en la L\u00ednea 1, indic\u00f3 el STC.<\/p>\n\n\n\n<figure class=\"wp-block-image size-large\"><img decoding=\"async\" src=\"https:\/\/bambapolitica.com.mx\/wp-content\/uploads\/2021\/04\/Captura-de-Pantalla-2021-04-06-a-las-11.38.28-1024x729.png\" alt=\"\" class=\"wp-image-21234\"\/><\/figure>\n","protected":false},"excerpt":{"rendered":"<p>El&nbsp;Sistema de Transporte Colectivo (STC) report\u00f3 que el servicio de la L\u00ednea 1 se vio&#8230;<\/p>\n","protected":false},"author":4,"featured_media":0,"comment_status":"closed","ping_status":"closed","sticky":false,"template":"","format":"standard","meta":{"footnotes":""},"categories":[2],"tags":[],"class_list":["post-21233","post","type-post","status-publish","format-standard","hentry","category-policiaca"],"_links":{"self":[{"href":"https:\/\/bambapolitica.com.mx\/index.php\/wp-json\/wp\/v2\/posts\/21233","targetHints":{"allow":["GET"]}}],"collection":[{"href":"https:\/\/bambapolitica.com.mx\/index.php\/wp-json\/wp\/v2\/posts"}],"about":[{"href":"https:\/\/bambapolitica.com.mx\/index.php\/wp-json\/wp\/v2\/types\/post"}],"author":[{"embeddable":true,"href":"https:\/\/bambapolitica.com.mx\/index.php\/wp-json\/wp\/v2\/users\/4"}],"replies":[{"embeddable":true,"href":"https:\/\/bambapolitica.com.mx\/index.php\/wp-json\/wp\/v2\/comments?post=21233"}],"version-history":[{"count":2,"href":"https:\/\/bambapolitica.com.mx\/index.php\/wp-json\/wp\/v2\/posts\/21233\/revisions"}],"predecessor-version":[{"id":21262,"href":"https:\/\/bambapolitica.com.mx\/index.php\/wp-json\/wp\/v2\/posts\/21233\/revisions\/21262"}],"wp:attachment":[{"href":"https:\/\/bambapolitica.com.mx\/index.php\/wp-json\/wp\/v2\/media?parent=21233"}],"wp:term":[{"taxonomy":"category","embeddable":true,"href":"https:\/\/bambapolitica.com.mx\/index.php\/wp-json\/wp\/v2\/categories?post=21233"},{"taxonomy":"post_tag","embeddable":true,"href":"https:\/\/bambapolitica.com.mx\/index.php\/wp-json\/wp\/v2\/tags?post=21233"}],"curies":[{"name":"wp","href":"https:\/\/api.w.org\/{rel}","templated":true}]}}