{"id":22534,"date":"2021-04-27T10:51:25","date_gmt":"2021-04-27T16:51:25","guid":{"rendered":"http:\/\/bambapolitica.com.mx\/?p=22534"},"modified":"2021-04-27T10:51:30","modified_gmt":"2021-04-27T16:51:30","slug":"sin-contagios-tras-concierto-love-of-lesbian-con-5-mil-personas","status":"publish","type":"post","link":"https:\/\/bambapolitica.com.mx\/index.php\/2021\/04\/27\/sin-contagios-tras-concierto-love-of-lesbian-con-5-mil-personas\/","title":{"rendered":"Sin contagios tras concierto Love of Lesbian con 5 mil personas"},"content":{"rendered":"\n<p class=\"has-medium-font-size\">No hay ninguna se\u00f1al&#8221; de contagios despu\u00e9s del concierto al que acudieron 5,000 espectadores el 27 de marzo en Barcelona (noreste de Espa\u00f1a), como parte de un ensayo para buscar formas seguras de celebrar eventos pese al covid, anunciaron este martes los organizadores.<\/p>\n\n\n\n<p class=\"has-medium-font-size\">Los asistentes bailaron sin respetar una distancia f\u00edsica pero con mascarilla y &#8220;no hay ninguna se\u00f1al que sugiera que se produjo una transmisi\u00f3n dentro del evento&#8221;, anunci\u00f3 Josep Maria Llibre, m\u00e9dico del hospital catal\u00e1n Germans Trias i Pujol, en rueda de prensa.<\/p>\n\n\n\n<figure class=\"wp-block-image size-large\"><img decoding=\"async\" src=\"https:\/\/bambapolitica.com.mx\/wp-content\/uploads\/2021\/04\/1616943348527-1024x576.jpg\" alt=\"\" class=\"wp-image-22535\"\/><\/figure>\n\n\n\n<p class=\"has-medium-font-size\">Todos los participantes se sometieron tambi\u00e9n a un test de ant\u00edgenos antes del evento y ten\u00edan que usar mascarillas FFP2 durante el espect\u00e1culo.<\/p>\n\n\n\n<p class=\"has-medium-font-size\">Seg\u00fan el m\u00e9dico, s\u00f3lo hubo seis casos positivos, quince d\u00edas despu\u00e9s del concierto y los organizadores est\u00e1n seguros de que &#8220;en cuatro de estos casos la transmisi\u00f3n no tuvo lugar durante el concierto&#8221;.<\/p>\n\n\n\n<p class=\"has-medium-font-size\">Con ventilaci\u00f3n optimizada, cribraje de ant\u00edgenos y uso de mascarilla se puede garantizar un espacio seguro&#8221;, a\u00f1adi\u00f3 el m\u00e9dico.<\/p>\n\n\n\n<p class=\"has-medium-font-size\">El concierto de Love of Lesbian, uno de los principales grupos del panorama musical espa\u00f1ol, fue impulsado conjuntamente por un grupo de festivales y promotores musicales y el hospital Germans Trias i Pujol con el fin de mostrar que los conciertos pueden ser compatibles con la pandemia.<\/p>\n\n\n\n<p class=\"has-medium-font-size\">Creo que, una vez m\u00e1s, Barcelona y la cultura barcelonesa se ponen en vanguardia de una situaci\u00f3n que es nueva, que consiste en preservar la actividad cultural con todas las garant\u00edas sanitarias&#8221;, se felicit\u00f3 Jaume Collboni, adjunto en la alcald\u00eda de Barcelona.<\/p>\n\n\n\n<p class=\"has-medium-font-size\">El mundo nos ha mirado, mucha gente nos ped\u00eda c\u00f3mo lo hab\u00edamos hecho. El trabajo colaborativo ha sido la clave&#8221;, dijo por su parte Angels Ponsa, encargada de cultura en el gobierno catal\u00e1n.<\/p>\n\n\n\n<p class=\"has-medium-font-size\">El mismo equipo ya realiz\u00f3 en diciembre una prueba piloto de este protocolo en una sala de conciertos de Barcelona, con 500 asistentes previamente cribados por covid. Al cabo de varios d\u00edas, ninguno dio positivo.<\/p>\n\n\n\n<p class=\"has-medium-font-size\">El concierto de Barcelona fue una de las escasas iniciativas de este tipo que se han celebrado en Europa. Otro espect\u00e1culo similar tuvo lugar en marzo en Holanda, con 1,300 personas.<\/p>\n","protected":false},"excerpt":{"rendered":"<p>No hay ninguna se\u00f1al&#8221; de contagios despu\u00e9s del concierto al que acudieron 5,000 espectadores el&#8230;<\/p>\n","protected":false},"author":4,"featured_media":0,"comment_status":"closed","ping_status":"closed","sticky":false,"template":"","format":"standard","meta":{"footnotes":""},"categories":[3],"tags":[],"class_list":["post-22534","post","type-post","status-publish","format-standard","hentry","category-espectaculos"],"_links":{"self":[{"href":"https:\/\/bambapolitica.com.mx\/index.php\/wp-json\/wp\/v2\/posts\/22534","targetHints":{"allow":["GET"]}}],"collection":[{"href":"https:\/\/bambapolitica.com.mx\/index.php\/wp-json\/wp\/v2\/posts"}],"about":[{"href":"https:\/\/bambapolitica.com.mx\/index.php\/wp-json\/wp\/v2\/types\/post"}],"author":[{"embeddable":true,"href":"https:\/\/bambapolitica.com.mx\/index.php\/wp-json\/wp\/v2\/users\/4"}],"replies":[{"embeddable":true,"href":"https:\/\/bambapolitica.com.mx\/index.php\/wp-json\/wp\/v2\/comments?post=22534"}],"version-history":[{"count":1,"href":"https:\/\/bambapolitica.com.mx\/index.php\/wp-json\/wp\/v2\/posts\/22534\/revisions"}],"predecessor-version":[{"id":22537,"href":"https:\/\/bambapolitica.com.mx\/index.php\/wp-json\/wp\/v2\/posts\/22534\/revisions\/22537"}],"wp:attachment":[{"href":"https:\/\/bambapolitica.com.mx\/index.php\/wp-json\/wp\/v2\/media?parent=22534"}],"wp:term":[{"taxonomy":"category","embeddable":true,"href":"https:\/\/bambapolitica.com.mx\/index.php\/wp-json\/wp\/v2\/categories?post=22534"},{"taxonomy":"post_tag","embeddable":true,"href":"https:\/\/bambapolitica.com.mx\/index.php\/wp-json\/wp\/v2\/tags?post=22534"}],"curies":[{"name":"wp","href":"https:\/\/api.w.org\/{rel}","templated":true}]}}