{"id":22753,"date":"2021-04-29T14:44:32","date_gmt":"2021-04-29T20:44:32","guid":{"rendered":"http:\/\/bambapolitica.com.mx\/?p=22753"},"modified":"2021-04-29T14:44:36","modified_gmt":"2021-04-29T20:44:36","slug":"inician-trabajos-para-retirar-techumbre-colapsada-en-templo-mayor","status":"publish","type":"post","link":"https:\/\/bambapolitica.com.mx\/index.php\/2021\/04\/29\/inician-trabajos-para-retirar-techumbre-colapsada-en-templo-mayor\/","title":{"rendered":"Inician trabajos para retirar techumbre colapsada en Templo Mayor"},"content":{"rendered":"\n<p class=\"has-medium-font-size\">Luego de la lluvia y fuerte granizada ocurrida en la tarde y noche de este mi\u00e9rcoles, la techumbre que cubr\u00eda la Zona Arqueol\u00f3gica de Templo Mayor en el centro de la Ciudad de M\u00e9xico colaps\u00f3 en forma parcial.<\/p>\n\n\n\n<p class=\"has-medium-font-size\">Autoridades del Instituto Nacional de Antropolog\u00eda e Historia se\u00f1alaron que los da\u00f1os en la zona del Templo Mayor no fueron graves.<\/p>\n\n\n\n<p class=\"has-medium-font-size\">Hubo afectaciones en las estructuras exteriores, incluso las banquetas quedaron tapadas con los fierros, pero al parecer la parte con alto valor hist\u00f3rico no sufri\u00f3 mayores afectaciones.<\/p>\n\n\n\n<p class=\"has-medium-font-size\">Desde temprana hora iniciaron las labores de peritajes y apuntalamiento por parte del personal del Gobierno de la Ciudad de M\u00e9xico.<\/p>\n\n\n\n<p class=\"has-medium-font-size\">La mayor afectaci\u00f3n ocurri\u00f3 en la cubierta de la Casa de las \u00c1guilas en la Zona Arqueol\u00f3gica del Templo Mayor.<\/p>\n\n\n\n<p class=\"has-medium-font-size\">La aseguradora llegar\u00e1 en las pr\u00f3ximas horas para hacer su respectivo peritaje.<\/p>\n\n\n\n<p class=\"has-medium-font-size\">Sobre la calle Donceles y Rep\u00fablica de Argentina no han sido cerradas a la vialidad, tambi\u00e9n los peatones pueden pasar debajo de la banqueta.&nbsp;&nbsp;&nbsp;<\/p>\n","protected":false},"excerpt":{"rendered":"<p>Luego de la lluvia y fuerte granizada ocurrida en la tarde y noche de este&#8230;<\/p>\n","protected":false},"author":4,"featured_media":0,"comment_status":"closed","ping_status":"closed","sticky":false,"template":"","format":"standard","meta":{"footnotes":""},"categories":[2],"tags":[],"class_list":["post-22753","post","type-post","status-publish","format-standard","hentry","category-policiaca"],"_links":{"self":[{"href":"https:\/\/bambapolitica.com.mx\/index.php\/wp-json\/wp\/v2\/posts\/22753","targetHints":{"allow":["GET"]}}],"collection":[{"href":"https:\/\/bambapolitica.com.mx\/index.php\/wp-json\/wp\/v2\/posts"}],"about":[{"href":"https:\/\/bambapolitica.com.mx\/index.php\/wp-json\/wp\/v2\/types\/post"}],"author":[{"embeddable":true,"href":"https:\/\/bambapolitica.com.mx\/index.php\/wp-json\/wp\/v2\/users\/4"}],"replies":[{"embeddable":true,"href":"https:\/\/bambapolitica.com.mx\/index.php\/wp-json\/wp\/v2\/comments?post=22753"}],"version-history":[{"count":1,"href":"https:\/\/bambapolitica.com.mx\/index.php\/wp-json\/wp\/v2\/posts\/22753\/revisions"}],"predecessor-version":[{"id":22755,"href":"https:\/\/bambapolitica.com.mx\/index.php\/wp-json\/wp\/v2\/posts\/22753\/revisions\/22755"}],"wp:attachment":[{"href":"https:\/\/bambapolitica.com.mx\/index.php\/wp-json\/wp\/v2\/media?parent=22753"}],"wp:term":[{"taxonomy":"category","embeddable":true,"href":"https:\/\/bambapolitica.com.mx\/index.php\/wp-json\/wp\/v2\/categories?post=22753"},{"taxonomy":"post_tag","embeddable":true,"href":"https:\/\/bambapolitica.com.mx\/index.php\/wp-json\/wp\/v2\/tags?post=22753"}],"curies":[{"name":"wp","href":"https:\/\/api.w.org\/{rel}","templated":true}]}}