{"id":22756,"date":"2021-04-29T14:48:35","date_gmt":"2021-04-29T20:48:35","guid":{"rendered":"http:\/\/bambapolitica.com.mx\/?p=22756"},"modified":"2021-04-29T14:48:36","modified_gmt":"2021-04-29T20:48:36","slug":"vecinos-de-xoco-derriban-tapiales-conflicto-con-los-desarrolladores-lleva-12-anos","status":"publish","type":"post","link":"https:\/\/bambapolitica.com.mx\/index.php\/2021\/04\/29\/vecinos-de-xoco-derriban-tapiales-conflicto-con-los-desarrolladores-lleva-12-anos\/","title":{"rendered":"Vecinos de Xoco derriban tapiales; conflicto con los desarrolladores lleva 12 a\u00f1os"},"content":{"rendered":"\n<p class=\"has-medium-font-size\">Inici\u00f3 un nuevo episodio en el pleito que suma 12 a\u00f1os entre vecinos y los desarrolladores de la Torre M\u00edtikah en el pueblo prehisp\u00e1nico de Xoco, en la alcald\u00eda de Benito Ju\u00e1rez.<\/p>\n\n\n\n<p class=\"has-medium-font-size\">En un arranque de furia, los vecinos derribaron la noche del martes y la madrugada de ayer los tapiales que instalaron los constructores para iniciar los trabajos del proyecto de recuperaci\u00f3n de la calle Real Mayorazgo, que es la principal del pueblo, bajo la consigna de que no permitir\u00e1n que se privatice la calle.<\/p>\n\n\n\n<p class=\"has-medium-font-size\">El grupo no est\u00e1 de acuerdo con el proyecto propuesto por los desarrolladores de la Torre M\u00edtikah y avalado por el gobierno capitalino que contempla un circuito vehicular para tr\u00e1nsito local controlado con plumas y acceso electr\u00f3nico, ampliaci\u00f3n de banquetas, una plazoleta elevada, reforestado, entre otros elementos.<\/p>\n\n\n\n<p class=\"has-medium-font-size\">\u00c1lvaro Rosales, integrante de la Comisi\u00f3n de Participaci\u00f3n Comunitaria (Copaco), dijo en entrevista que el proyecto no fue aceptado por los habitantes del pueblo y que los discrimina porque las adecuaciones est\u00e1n m\u00e1s pensadas como un anexo a los nuevos edificios y centros comerciales que para conservar la historia del pueblo de Xoco, que existe desde el a\u00f1o mil 300.<\/p>\n\n\n\n<p class=\"has-medium-font-size\">Sin embargo, la Secretar\u00eda del Medio Ambiente de la Ciudad de M\u00e9xico (Sedema) afirm\u00f3 que las obras de salvamento y mitigaci\u00f3n en el pueblo de Xoco est\u00e1n en acuerdo con los vecinos.<\/p>\n\n\n\n<p class=\"has-medium-font-size\">Tanto la Sedema como los desarrolladores de Torre M\u00edtikah se\u00f1alaron que los tapiales resguardan excavaciones del Instituto de Antropolog\u00eda e Historia (INAH) y fueron comunicadas oportunamente a los vecinos.<\/p>\n","protected":false},"excerpt":{"rendered":"<p>Inici\u00f3 un nuevo episodio en el pleito que suma 12 a\u00f1os entre vecinos y los&#8230;<\/p>\n","protected":false},"author":4,"featured_media":0,"comment_status":"closed","ping_status":"closed","sticky":false,"template":"","format":"standard","meta":{"footnotes":""},"categories":[2],"tags":[],"class_list":["post-22756","post","type-post","status-publish","format-standard","hentry","category-policiaca"],"_links":{"self":[{"href":"https:\/\/bambapolitica.com.mx\/index.php\/wp-json\/wp\/v2\/posts\/22756","targetHints":{"allow":["GET"]}}],"collection":[{"href":"https:\/\/bambapolitica.com.mx\/index.php\/wp-json\/wp\/v2\/posts"}],"about":[{"href":"https:\/\/bambapolitica.com.mx\/index.php\/wp-json\/wp\/v2\/types\/post"}],"author":[{"embeddable":true,"href":"https:\/\/bambapolitica.com.mx\/index.php\/wp-json\/wp\/v2\/users\/4"}],"replies":[{"embeddable":true,"href":"https:\/\/bambapolitica.com.mx\/index.php\/wp-json\/wp\/v2\/comments?post=22756"}],"version-history":[{"count":1,"href":"https:\/\/bambapolitica.com.mx\/index.php\/wp-json\/wp\/v2\/posts\/22756\/revisions"}],"predecessor-version":[{"id":22759,"href":"https:\/\/bambapolitica.com.mx\/index.php\/wp-json\/wp\/v2\/posts\/22756\/revisions\/22759"}],"wp:attachment":[{"href":"https:\/\/bambapolitica.com.mx\/index.php\/wp-json\/wp\/v2\/media?parent=22756"}],"wp:term":[{"taxonomy":"category","embeddable":true,"href":"https:\/\/bambapolitica.com.mx\/index.php\/wp-json\/wp\/v2\/categories?post=22756"},{"taxonomy":"post_tag","embeddable":true,"href":"https:\/\/bambapolitica.com.mx\/index.php\/wp-json\/wp\/v2\/tags?post=22756"}],"curies":[{"name":"wp","href":"https:\/\/api.w.org\/{rel}","templated":true}]}}