{"id":23058,"date":"2021-05-04T11:12:09","date_gmt":"2021-05-04T17:12:09","guid":{"rendered":"http:\/\/bambapolitica.com.mx\/?p=23058"},"modified":"2021-05-04T11:12:10","modified_gmt":"2021-05-04T17:12:10","slug":"india-sobrepasa-los-20-millones-de-contagios-de-covid-19","status":"publish","type":"post","link":"https:\/\/bambapolitica.com.mx\/index.php\/2021\/05\/04\/india-sobrepasa-los-20-millones-de-contagios-de-covid-19\/","title":{"rendered":"India sobrepasa los 20 millones de contagios de covid-19"},"content":{"rendered":"\n<p class=\"has-medium-font-size\">India&nbsp;super\u00f3 los&nbsp;20 millones enfermos&nbsp;de&nbsp;covid-19&nbsp;este martes, seg\u00fan&nbsp;datos oficiales, que muestran que la&nbsp;pandemia&nbsp;sigue causando&nbsp;estragos&nbsp;en los&nbsp;hospitales&nbsp;del pa\u00eds.<\/p>\n\n\n\n<p class=\"has-medium-font-size\">En las \u00faltimas&nbsp;24 horas, el pa\u00eds sum\u00f3&nbsp;357 mil 229 nuevos casos, con lo que el&nbsp;total&nbsp;de&nbsp;contagiados&nbsp;se eleva a&nbsp;20.3 millones, y&nbsp;3 mil 449 muertos, que llevan el balance total a los&nbsp;222 mil 408, seg\u00fan el&nbsp;Ministerio de Salud.<\/p>\n\n\n\n<p class=\"has-medium-font-size\">Sin embargo, muchos expertos sospechan que el verdadero n\u00famero es muy superior.<\/p>\n\n\n\n<p class=\"has-medium-font-size\">Desde finales de marzo se han registrado unos ocho millones de nuevos casos en una virulenta ola que se deber\u00eda a nuevas variantes del virus y a que el gobierno permiti\u00f3 reanudar la mayor\u00eda de actividades, entre ellas, gigantescas congregaciones religiosas y pol\u00edticas.<\/p>\n\n\n\n<p class=\"has-medium-font-size\">Esto ha hecho colapsar al deficiente sistema de salud, donde faltan camas en los hospitales, medicamentos y ox\u00edgeno.<\/p>\n\n\n\n<p class=\"has-medium-font-size\">Muchos pacientes mueren a las puertas de los hacinados&nbsp;hospitales en Nueva Delhi, la capital, y en otras partes.<\/p>\n\n\n\n<p class=\"has-medium-font-size\">El n\u00famero diario de nuevos casos, ha descendido en los \u00faltimos d\u00edas, despu\u00e9s de alcanzar los 402 mil el viernes.<\/p>\n\n\n\n<p class=\"has-medium-font-size\">&#8220;Si se analizan los casos diarios y las muertes, hay una se\u00f1al todav\u00eda muy incipiente de movimiento en la direcci\u00f3n positiva&#8221;, dijo el lunes a la prensa el funcionario del ministerio de Salud Lav Aggarwal.<\/p>\n","protected":false},"excerpt":{"rendered":"<p>India&nbsp;super\u00f3 los&nbsp;20 millones enfermos&nbsp;de&nbsp;covid-19&nbsp;este martes, seg\u00fan&nbsp;datos oficiales, que muestran que la&nbsp;pandemia&nbsp;sigue causando&nbsp;estragos&nbsp;en los&nbsp;hospitales&nbsp;del pa\u00eds. En&#8230;<\/p>\n","protected":false},"author":4,"featured_media":0,"comment_status":"closed","ping_status":"closed","sticky":false,"template":"","format":"standard","meta":{"footnotes":""},"categories":[5],"tags":[],"class_list":["post-23058","post","type-post","status-publish","format-standard","hentry","category-internacional"],"_links":{"self":[{"href":"https:\/\/bambapolitica.com.mx\/index.php\/wp-json\/wp\/v2\/posts\/23058","targetHints":{"allow":["GET"]}}],"collection":[{"href":"https:\/\/bambapolitica.com.mx\/index.php\/wp-json\/wp\/v2\/posts"}],"about":[{"href":"https:\/\/bambapolitica.com.mx\/index.php\/wp-json\/wp\/v2\/types\/post"}],"author":[{"embeddable":true,"href":"https:\/\/bambapolitica.com.mx\/index.php\/wp-json\/wp\/v2\/users\/4"}],"replies":[{"embeddable":true,"href":"https:\/\/bambapolitica.com.mx\/index.php\/wp-json\/wp\/v2\/comments?post=23058"}],"version-history":[{"count":2,"href":"https:\/\/bambapolitica.com.mx\/index.php\/wp-json\/wp\/v2\/posts\/23058\/revisions"}],"predecessor-version":[{"id":23084,"href":"https:\/\/bambapolitica.com.mx\/index.php\/wp-json\/wp\/v2\/posts\/23058\/revisions\/23084"}],"wp:attachment":[{"href":"https:\/\/bambapolitica.com.mx\/index.php\/wp-json\/wp\/v2\/media?parent=23058"}],"wp:term":[{"taxonomy":"category","embeddable":true,"href":"https:\/\/bambapolitica.com.mx\/index.php\/wp-json\/wp\/v2\/categories?post=23058"},{"taxonomy":"post_tag","embeddable":true,"href":"https:\/\/bambapolitica.com.mx\/index.php\/wp-json\/wp\/v2\/tags?post=23058"}],"curies":[{"name":"wp","href":"https:\/\/api.w.org\/{rel}","templated":true}]}}