{"id":23068,"date":"2021-05-04T09:45:14","date_gmt":"2021-05-04T15:45:14","guid":{"rendered":"http:\/\/bambapolitica.com.mx\/?p=23068"},"modified":"2021-05-04T09:45:15","modified_gmt":"2021-05-04T15:45:15","slug":"nos-espera-un-largo-tramo-hasta-el-2022-se-preve-que-termine-la-vacunacion","status":"publish","type":"post","link":"https:\/\/bambapolitica.com.mx\/index.php\/2021\/05\/04\/nos-espera-un-largo-tramo-hasta-el-2022-se-preve-que-termine-la-vacunacion\/","title":{"rendered":"Nos espera un largo tramo; hasta el 2022 se prev\u00e9 que termine la vacunaci\u00f3n"},"content":{"rendered":"\n<p class=\"has-medium-font-size\">El subsecretario de Salud, Hugo L\u00f3pez-Gatell, previ\u00f3 que la vacunaci\u00f3n contra el Covid-19 en el pa\u00eds concluya en el primer trimestre de 2022.<\/p>\n\n\n\n<p class=\"has-medium-font-size\">El subsecretario de Salud, Hugo L\u00f3pez-Gatell, previ\u00f3 que la vacunaci\u00f3n contra el Covid-19 en M\u00e9xico concluya en el primer trimestre de 2022.<\/p>\n\n\n\n<p class=\"has-medium-font-size\">\u201cNo se puede vacunar a toda la poblaci\u00f3n en una semana, en dos o en tres. Nos va a llevar todo el a\u00f1o. Esto lo dijimos desde el principio. Posiblemente, incluso, el primer trimestre de 2022 para poder alcanzar a las 126 millones de personas adultas, j\u00f3venes, ni\u00f1as que viven en M\u00e9xico.\u201d<br><\/p>\n\n\n\n<p class=\"has-medium-font-size\">hugo L\u00f3pez-Gatell, detallo que para poder alcanzar a las 126 millones de personas adultas, j\u00f3venes, ni\u00f1as que viven en M\u00e9xico, probablemente tendremos que esperar hasta 2022.<\/p>\n\n\n\n<p class=\"has-medium-font-size\">El funcionario federal anunci\u00f3 que las vacunas est\u00e1n llegando a una velocidad menor a la que se quisiera.<\/p>\n\n\n\n<p class=\"has-medium-font-size\">En julio se tendr\u00e1 al 20% de la poblaci\u00f3n vacunada contra Covid-19<br>Para julio de 2021, la Secretar\u00eda de Salud tiene estimado haber vacunado al 20 por ciento de la poblaci\u00f3n en M\u00e9xico, afirm\u00f3 Hugo L\u00f3pez-Gatell.<\/p>\n\n\n\n<p class=\"has-medium-font-size\">&#8220;Aproximadamente en julio, dentro de la primera quincena, ya tendremos toda la poblaci\u00f3n, completar ese 20 por ciento de la poblaci\u00f3n que representa, de la poblaci\u00f3n adulta, un porcentaje mayor.&#8221;<br>Hugo L\u00f3pez-Gatell<\/p>\n\n\n\n<p class=\"has-medium-font-size\">Hasta este lunes 03 de mayo 12 millones 625 mil 860 personas han sido vacunadas contra la Covid-19:<\/p>\n\n\n\n<p class=\"has-medium-font-size\">Personal de salud: un mill\u00f3n 024 mil 998<\/p>\n\n\n\n<p class=\"has-medium-font-size\">Personal educativo: 916 mil 135<\/p>\n\n\n\n<p class=\"has-medium-font-size\">Personas adultas mayores: 10 millones 684 mil 727<\/p>\n","protected":false},"excerpt":{"rendered":"<p>El subsecretario de Salud, Hugo L\u00f3pez-Gatell, previ\u00f3 que la vacunaci\u00f3n contra el Covid-19 en el&#8230;<\/p>\n","protected":false},"author":4,"featured_media":0,"comment_status":"closed","ping_status":"closed","sticky":false,"template":"","format":"standard","meta":{"footnotes":""},"categories":[4],"tags":[],"class_list":["post-23068","post","type-post","status-publish","format-standard","hentry","category-noticias-del-dia"],"_links":{"self":[{"href":"https:\/\/bambapolitica.com.mx\/index.php\/wp-json\/wp\/v2\/posts\/23068","targetHints":{"allow":["GET"]}}],"collection":[{"href":"https:\/\/bambapolitica.com.mx\/index.php\/wp-json\/wp\/v2\/posts"}],"about":[{"href":"https:\/\/bambapolitica.com.mx\/index.php\/wp-json\/wp\/v2\/types\/post"}],"author":[{"embeddable":true,"href":"https:\/\/bambapolitica.com.mx\/index.php\/wp-json\/wp\/v2\/users\/4"}],"replies":[{"embeddable":true,"href":"https:\/\/bambapolitica.com.mx\/index.php\/wp-json\/wp\/v2\/comments?post=23068"}],"version-history":[{"count":1,"href":"https:\/\/bambapolitica.com.mx\/index.php\/wp-json\/wp\/v2\/posts\/23068\/revisions"}],"predecessor-version":[{"id":23073,"href":"https:\/\/bambapolitica.com.mx\/index.php\/wp-json\/wp\/v2\/posts\/23068\/revisions\/23073"}],"wp:attachment":[{"href":"https:\/\/bambapolitica.com.mx\/index.php\/wp-json\/wp\/v2\/media?parent=23068"}],"wp:term":[{"taxonomy":"category","embeddable":true,"href":"https:\/\/bambapolitica.com.mx\/index.php\/wp-json\/wp\/v2\/categories?post=23068"},{"taxonomy":"post_tag","embeddable":true,"href":"https:\/\/bambapolitica.com.mx\/index.php\/wp-json\/wp\/v2\/tags?post=23068"}],"curies":[{"name":"wp","href":"https:\/\/api.w.org\/{rel}","templated":true}]}}