{"id":23188,"date":"2021-05-06T08:41:14","date_gmt":"2021-05-06T14:41:14","guid":{"rendered":"http:\/\/bambapolitica.com.mx\/?p=23188"},"modified":"2021-05-06T08:45:22","modified_gmt":"2021-05-06T14:45:22","slug":"presenta-pvem-candidatas-de-boca-del-rio-y-veracruz","status":"publish","type":"post","link":"https:\/\/bambapolitica.com.mx\/index.php\/2021\/05\/06\/presenta-pvem-candidatas-de-boca-del-rio-y-veracruz\/","title":{"rendered":"Presenta PVEM candidatas de Boca del R\u00edo y Veracruz"},"content":{"rendered":"\n<p class=\"has-medium-font-size\">El Partido Verde present\u00f3 a sus candidatas a la alcald\u00eda de Boca del R\u00edo, Magaly Hern\u00e1ndez; a la Diputaci\u00f3n Local 16, Lupita Tapia en f\u00f3rmula con Adriana Lagunes y a la Federal, Luz del Carmen Baxzin con su suplente, Anah\u00ed Serna quienes arrancaron sus campa\u00f1as proselitistas en el Proceso Electoral Local.<\/p>\n\n\n\n<figure class=\"wp-block-gallery columns-3 is-cropped wp-block-gallery-1 is-layout-flex wp-block-gallery-is-layout-flex\"><ul class=\"blocks-gallery-grid\"><li class=\"blocks-gallery-item\"><figure><img decoding=\"async\" src=\"https:\/\/bambapolitica.com.mx\/wp-content\/uploads\/2021\/05\/MR2-1024x768.jpg\" alt=\"\" data-id=\"23194\" data-full-url=\"https:\/\/bambapolitica.com.mx\/wp-content\/uploads\/2021\/05\/MR2.jpg\" data-link=\"https:\/\/bambapolitica.com.mx\/?attachment_id=23194\" class=\"wp-image-23194\"\/><\/figure><\/li><li class=\"blocks-gallery-item\"><figure><img decoding=\"async\" src=\"https:\/\/bambapolitica.com.mx\/wp-content\/uploads\/2021\/05\/MR5-1024x768.jpg\" alt=\"\" data-id=\"23195\" data-full-url=\"https:\/\/bambapolitica.com.mx\/wp-content\/uploads\/2021\/05\/MR5.jpg\" data-link=\"https:\/\/bambapolitica.com.mx\/?attachment_id=23195\" class=\"wp-image-23195\"\/><\/figure><\/li><li class=\"blocks-gallery-item\"><figure><img decoding=\"async\" src=\"https:\/\/bambapolitica.com.mx\/wp-content\/uploads\/2021\/05\/MR-1024x576.jpg\" alt=\"\" data-id=\"23196\" data-full-url=\"https:\/\/bambapolitica.com.mx\/wp-content\/uploads\/2021\/05\/MR.jpg\" data-link=\"https:\/\/bambapolitica.com.mx\/?attachment_id=23196\" class=\"wp-image-23196\"\/><\/figure><\/li><li class=\"blocks-gallery-item\"><figure><img decoding=\"async\" src=\"https:\/\/bambapolitica.com.mx\/wp-content\/uploads\/2021\/05\/MR1-1024x768.jpg\" alt=\"\" data-id=\"23197\" data-full-url=\"https:\/\/bambapolitica.com.mx\/wp-content\/uploads\/2021\/05\/MR1.jpg\" data-link=\"https:\/\/bambapolitica.com.mx\/?attachment_id=23197\" class=\"wp-image-23197\"\/><\/figure><\/li><\/ul><\/figure>\n\n\n\n<p class=\"has-medium-font-size\">En rueda de prensa, el Dirigente Estatal Carlos Marcelo Ruiz S\u00e1nchez asegur\u00f3 que en el Verde se privilegia el respeto y la participaci\u00f3n de las mujeres emanadas de la sociedad y con trabajo directo en los sectores productivos y sociales.<\/p>\n\n\n\n<p class=\"has-medium-font-size\">Destac\u00f3 que las y los candidatos a puestos de elecci\u00f3n popular postulados por el Verde cuenta con hojas de vida limpias,&#8221;no es sorpresa que busquen desacreditarnos con temas sensibles, pero sin pruebas ni denuncias formales, es una reacci\u00f3n al crecimiento y pron\u00f3stico certero de que encabezamos las preferencias electorales y de propuestas&#8221;<\/p>\n\n\n\n<p class=\"has-medium-font-size\">En esta elecci\u00f3n nuestras propuestas tienen que ver con el manejo correcto de los residuos s\u00f3lidos para terminar con los basureros a cielo abierto, mejorar las condiciones de salud y la rendici\u00f3n de cuentas como servidores p\u00fablicos.<\/p>\n\n\n\n<p class=\"has-medium-font-size\">Asegur\u00f3 que en el corredor Veracruz, Boca del R\u00edo, Medell\u00edn de Bravo el Partido Verde cuenta con f\u00f3rmulas ganadoras con Magaly Hern\u00e1ndez y una gran planilla, as\u00ed como Marcos Isle\u00f1o en Medell\u00edn de Bravo que ser\u00e1n pilares para abonar votos para las candidatas a diputadas Lupita Tapia en la Local y Luz del Carmen Baxzin por la Federal.<\/p>\n\n\n\n<p class=\"has-medium-font-size\">Por Boca del R\u00edo, Magaly Hern\u00e1ndez es una empresaria local con prestigio y responsabilidad social que aporta generaci\u00f3n de empleos en la iniciativa privada. En la Diputaci\u00f3n Local, Lupita Tapia tiene un trabajo como servidora p\u00fablica que la respaldan como una mujer de trabajo y entrega.<\/p>\n\n\n\n<p class=\"has-medium-font-size\">Se\u00f1al\u00f3 que en la f\u00f3rmula de la Diputaci\u00f3n Federal, Luz del Carmen Baxzin, es un ejemplo de superaci\u00f3n y de trabajo social con la comunidad, heredado de su familia, un gran l\u00edder sindical y social.<\/p>\n","protected":false},"excerpt":{"rendered":"<p>El Partido Verde present\u00f3 a sus candidatas a la alcald\u00eda de Boca del R\u00edo, Magaly&#8230;<\/p>\n","protected":false},"author":4,"featured_media":0,"comment_status":"closed","ping_status":"closed","sticky":false,"template":"","format":"standard","meta":{"footnotes":""},"categories":[4],"tags":[],"class_list":["post-23188","post","type-post","status-publish","format-standard","hentry","category-noticias-del-dia"],"_links":{"self":[{"href":"https:\/\/bambapolitica.com.mx\/index.php\/wp-json\/wp\/v2\/posts\/23188","targetHints":{"allow":["GET"]}}],"collection":[{"href":"https:\/\/bambapolitica.com.mx\/index.php\/wp-json\/wp\/v2\/posts"}],"about":[{"href":"https:\/\/bambapolitica.com.mx\/index.php\/wp-json\/wp\/v2\/types\/post"}],"author":[{"embeddable":true,"href":"https:\/\/bambapolitica.com.mx\/index.php\/wp-json\/wp\/v2\/users\/4"}],"replies":[{"embeddable":true,"href":"https:\/\/bambapolitica.com.mx\/index.php\/wp-json\/wp\/v2\/comments?post=23188"}],"version-history":[{"count":2,"href":"https:\/\/bambapolitica.com.mx\/index.php\/wp-json\/wp\/v2\/posts\/23188\/revisions"}],"predecessor-version":[{"id":23201,"href":"https:\/\/bambapolitica.com.mx\/index.php\/wp-json\/wp\/v2\/posts\/23188\/revisions\/23201"}],"wp:attachment":[{"href":"https:\/\/bambapolitica.com.mx\/index.php\/wp-json\/wp\/v2\/media?parent=23188"}],"wp:term":[{"taxonomy":"category","embeddable":true,"href":"https:\/\/bambapolitica.com.mx\/index.php\/wp-json\/wp\/v2\/categories?post=23188"},{"taxonomy":"post_tag","embeddable":true,"href":"https:\/\/bambapolitica.com.mx\/index.php\/wp-json\/wp\/v2\/tags?post=23188"}],"curies":[{"name":"wp","href":"https:\/\/api.w.org\/{rel}","templated":true}]}}