{"id":23295,"date":"2021-05-07T09:32:01","date_gmt":"2021-05-07T15:32:01","guid":{"rendered":"http:\/\/bambapolitica.com.mx\/?p=23295"},"modified":"2021-05-07T09:32:02","modified_gmt":"2021-05-07T15:32:02","slug":"repudian-a-los-hermanos-yunes-marquez-en-el-reforma","status":"publish","type":"post","link":"https:\/\/bambapolitica.com.mx\/index.php\/2021\/05\/07\/repudian-a-los-hermanos-yunes-marquez-en-el-reforma\/","title":{"rendered":"Repudian a los hermanos Yunes M\u00e1rquez en el Reforma!!!"},"content":{"rendered":"\n<p>Veracruz, Ver. 6 mayo 2021.<\/p>\n\n\n\n<p>Algo singular est\u00e1 sucediendo en el fraccionamiento Reforma de la ciudad de Veracruz donde el rechazo hacia los hermanos Yunes M\u00e1rquez (Fernando y Miguel \u00c1ngel) tiene m\u00e1s que preocupados a los estrategas electorales contratados por el &#8220;Clan Yunes&#8221;.<\/p>\n\n\n\n<figure class=\"wp-block-image size-large\"><img decoding=\"async\" src=\"https:\/\/bambapolitica.com.mx\/wp-content\/uploads\/2021\/05\/mail-4.jpg\" alt=\"\" class=\"wp-image-23296\"\/><\/figure>\n\n\n\n<figure class=\"wp-block-image size-large\"><img decoding=\"async\" src=\"https:\/\/bambapolitica.com.mx\/wp-content\/uploads\/2021\/05\/mail-1-1.jpg\" alt=\"\" class=\"wp-image-23297\"\/><\/figure>\n\n\n\n<p>Y es que los &#8220;vecinos&#8221; de Miguelito (ya que ah\u00ed sac\u00f3 su residencia ap\u00f3crifa) est\u00e1n que trinan contra todo lo que huela a Yunes M\u00e1rquez, ya que debido a sus ambiciones desmedidas de poder y dinero tienen a miles de familias padeciendo cortes de agua y de suministro de energ\u00eda el\u00e9ctrica debido a la saturaci\u00f3n de la red de agua potable y el\u00e9ctrica por el desmedido crecimiento de torres departamentales aprobadas desde el ayuntamiento en dicha zona.<\/p>\n\n\n\n<p>Desde el ayuntamiento que &#8220;gobierna&#8221; Fernando Yunes, se han expedido infinidad de permisos de obra y construcci\u00f3n de torres de departamentos que han acabado por saturar la zona, por lo que ahora los ciudadanos sufren problemas de suministros de luz y agua potable.<\/p>\n\n\n\n<p>Dichos desarrollos habitacionales son precisamente negocios de la familia Yunes M\u00e1rquez, quienes por medio de sus prestanombres como Rom\u00e1n Corrons, Jos\u00e9 Ricardo Medina Hern\u00e1ndez y Flavio Hern\u00e1ndez Ch\u00e1zaro, se han llenado las bolsas $$$ con los proyectos autorizados desde el ayuntamiento de Veracruz por parte de Fernando Yunes.<\/p>\n\n\n\n<p>Es tanto el rechazo que existe en la zona contra los hermanos Yunes M\u00e1rquez que la propia lideresa de los colonos del Reforma Emilia Labourdette, quien est\u00e1 tundiendo en redes sociales las propuestas de campa\u00f1a de Miguelito, el cu\u00e1l ha ido de contradicci\u00f3n en contradicci\u00f3n desde el pasado lunes cuando tom\u00f3 el tema del agua como estrategia pol\u00edtica, lo cu\u00e1l ha sido un tremendo error muy mal calculado por lo que hizo en Boca del R\u00edo cuando privatiz\u00f3 el agua por 30 a\u00f1os mediante un jugosos negocio $$$.<\/p>\n\n\n\n<p>Quien transite por la zona del fraccionamiento Reforma en estos d\u00edas se podr\u00e1 dar cuenta del abierto rechazo que existe hacia el ayuntamiento que preside Fernando Yunes, ya que en 6 de cada 10 domicilios existen lonas de rechazo a los desarrollos inmobiliarios que han hecho y siguen haciendo la &#8220;Fami-Glia&#8221; en la zona por medio de sus prestanombres y que tienen sufriendo a miles de ciudadanos por las consecuencias arriba mencionadas.<\/p>\n\n\n\n<p>Ni hablar, una zona que por varios a\u00f1os ha sido considerada como &#8220;Panista&#8221; est\u00e1 en abierto rechazo al actual alcalde y por consiguiente en abierto rechazo hacia su hermano, quien implica la continuidad de esta terrible corrupci\u00f3n que le ha venido a dar al traste a toda esta zona donde nunca hab\u00edan vivido estos problemas por la falta de agua y energ\u00eda el\u00e9ctrica que hoy en d\u00eda padecen un d\u00eda si y otro tambi\u00e9n gracias a la corrupci\u00f3n de los Yunes M\u00e1rquez.<\/p>\n","protected":false},"excerpt":{"rendered":"<p>Veracruz, Ver. 6 mayo 2021. Algo singular est\u00e1 sucediendo en el fraccionamiento Reforma de la&#8230;<\/p>\n","protected":false},"author":4,"featured_media":0,"comment_status":"closed","ping_status":"closed","sticky":false,"template":"","format":"standard","meta":{"footnotes":""},"categories":[4],"tags":[],"class_list":["post-23295","post","type-post","status-publish","format-standard","hentry","category-noticias-del-dia"],"_links":{"self":[{"href":"https:\/\/bambapolitica.com.mx\/index.php\/wp-json\/wp\/v2\/posts\/23295","targetHints":{"allow":["GET"]}}],"collection":[{"href":"https:\/\/bambapolitica.com.mx\/index.php\/wp-json\/wp\/v2\/posts"}],"about":[{"href":"https:\/\/bambapolitica.com.mx\/index.php\/wp-json\/wp\/v2\/types\/post"}],"author":[{"embeddable":true,"href":"https:\/\/bambapolitica.com.mx\/index.php\/wp-json\/wp\/v2\/users\/4"}],"replies":[{"embeddable":true,"href":"https:\/\/bambapolitica.com.mx\/index.php\/wp-json\/wp\/v2\/comments?post=23295"}],"version-history":[{"count":1,"href":"https:\/\/bambapolitica.com.mx\/index.php\/wp-json\/wp\/v2\/posts\/23295\/revisions"}],"predecessor-version":[{"id":23299,"href":"https:\/\/bambapolitica.com.mx\/index.php\/wp-json\/wp\/v2\/posts\/23295\/revisions\/23299"}],"wp:attachment":[{"href":"https:\/\/bambapolitica.com.mx\/index.php\/wp-json\/wp\/v2\/media?parent=23295"}],"wp:term":[{"taxonomy":"category","embeddable":true,"href":"https:\/\/bambapolitica.com.mx\/index.php\/wp-json\/wp\/v2\/categories?post=23295"},{"taxonomy":"post_tag","embeddable":true,"href":"https:\/\/bambapolitica.com.mx\/index.php\/wp-json\/wp\/v2\/tags?post=23295"}],"curies":[{"name":"wp","href":"https:\/\/api.w.org\/{rel}","templated":true}]}}