{"id":23703,"date":"2021-05-14T09:47:17","date_gmt":"2021-05-14T15:47:17","guid":{"rendered":"http:\/\/bambapolitica.com.mx\/?p=23703"},"modified":"2021-05-14T09:47:19","modified_gmt":"2021-05-14T15:47:19","slug":"el-partido-verde-crece-es-cercano-a-la-gente-leal-y-hace-politica-con-el-corazon","status":"publish","type":"post","link":"https:\/\/bambapolitica.com.mx\/index.php\/2021\/05\/14\/el-partido-verde-crece-es-cercano-a-la-gente-leal-y-hace-politica-con-el-corazon\/","title":{"rendered":"El Partido Verde crece, es cercano a la gente, leal y hace Pol\u00edtica con el Coraz\u00f3n"},"content":{"rendered":"\n<p class=\"has-medium-font-size\">Con Luz Baxzi como diputada del Distrito XII en el Congreso federal se van a generar propuestas del Partido Verde para crear una pol\u00edtica integral del cuidado al medio ambiente, especialmente en el manejo responsable de los tiraderos y tratamiento de residuos s\u00f3lidos de todos los municipios de Veracruz, se\u00f1al\u00f3 el presidente del PVEM en el estado, Carlos Marcelo Ruiz S\u00e1nchez.<\/p>\n\n\n\n<figure class=\"wp-block-image size-large\"><img decoding=\"async\" src=\"https:\/\/bambapolitica.com.mx\/wp-content\/uploads\/2021\/05\/123-1-1024x678.jpg\" alt=\"\" class=\"wp-image-23704\"\/><\/figure>\n\n\n\n<p class=\"has-medium-font-size\">Previo a la caminata multitudinaria que encabez\u00f3 en Manlio Fabio Altamirano el delegado nacional del PVEM en el estado, Javier Herrera Borunda, para respaldar las candidaturas de Luz Baxzi y Marcial R\u00edos Escobar, candidato a la Alcald\u00eda, Marcelo Ruiz dijo que la disposici\u00f3n final de la basura \u201ces uno de los problemas m\u00e1s importantes que se padecen a nivel estatal y nacional\u201d.<\/p>\n\n\n\n<p class=\"has-medium-font-size\">En la conferencia de prensa que ofreci\u00f3 en el puerto de Veracruz, el dirigente estatal del partido ecologista pidi\u00f3 al dirigente de los trabajadores de la Limpia P\u00fablica, Antonino Baxzi Mata, ayuda para elaborar un proyecto sobre la disposici\u00f3n final de los residuos urbanos que se han convertido en un grave riesgo para el medio ambiente en ele stado y a nivel nacional.<\/p>\n\n\n\n<p class=\"has-medium-font-size\">\u201cLe vamos a pedir a \u00e9l, que tiene la experiencia de 40 a\u00f1os al frente del sindicato de Limpia P\u00fablica, que nos ayude a elaborar el proyecto estatal-municipal de tratamiento a los residuos s\u00f3lidos. Vamos a dedicar recursos para evitar la contaminaci\u00f3n indiscriminada de r\u00edos tan grandes como el Bobo, Blanco, Papaloapan y Tesechoac\u00e1n\u201d, a\u00f1adi\u00f3 Ruiz S\u00e1nchez.<\/p>\n\n\n\n<figure class=\"wp-block-image size-large\"><img decoding=\"async\" src=\"https:\/\/bambapolitica.com.mx\/wp-content\/uploads\/2021\/05\/43434.jpg\" alt=\"\" class=\"wp-image-23705\"\/><\/figure>\n\n\n\n<p class=\"has-medium-font-size\">En Manlio Fabio Altamirano, el dirigente Javier Herrera dijo que los diputados federales ser\u00e1n puente de las autoridades locales para obtener recursos que sirvan para mejorar las condiciones de vida de sus muncipios y se\u00f1al\u00f3 que el PVEM empodera a la sociedad civil para tener gobiernos cercanos a la gente para hacer pol\u00edtica con el coraz\u00f3n, leales, fieles, que resuelvan y den resultados.<\/p>\n\n\n\n<p class=\"has-medium-font-size\">\u201cEl Partido Verde ha ido creciendo en Veracruz desde 2015 cuando ten\u00eda un s\u00f3lo Alcalde; ahora suman 15 alcaldes, a los cuales no los hemos dejado solos, hemos arropado sus esfuerzos, como en una gran familia. Por eso, Luz Baxzi y Marcial deben ganar. No les vamos a fallar\u201d, expres\u00f3 en su discurso.<\/p>\n\n\n\n<p class=\"has-medium-font-size\">En Manlio, Herrera y Ruiz tambi\u00e9n dieron su respaldo a las candidatas a las alcald\u00edas de Boca del R\u00edo, Magaly Hern\u00e1ndez; Tlalixcoyan, Lucero Acosta; Alvarado, Lizette \u00c1lvarez; Soledad, Arantxa Zamitiz; Paso del Macho, Blanca Estela Hern\u00e1ndez; Medell\u00edn de Bravo, Marcos Isle\u00f1o, y Comapa, Leonel Paredes, lo mismo que a las candidatas a la diputaci\u00f3n Lupita Tapia, por Boca del R\u00edo, as\u00ed como Ang\u00e9lica Pe\u00f1a Mart\u00ednez y Rosa Elena Sampieri por Huatusco, tanto federal como local.<\/p>\n\n\n\n<figure class=\"wp-block-image size-large\"><img decoding=\"async\" src=\"https:\/\/bambapolitica.com.mx\/wp-content\/uploads\/2021\/05\/5646456-1024x655.jpg\" alt=\"\" class=\"wp-image-23706\"\/><\/figure>\n","protected":false},"excerpt":{"rendered":"<p>Con Luz Baxzi como diputada del Distrito XII en el Congreso federal se van a&#8230;<\/p>\n","protected":false},"author":4,"featured_media":0,"comment_status":"closed","ping_status":"closed","sticky":false,"template":"","format":"standard","meta":{"footnotes":""},"categories":[4],"tags":[],"class_list":["post-23703","post","type-post","status-publish","format-standard","hentry","category-noticias-del-dia"],"_links":{"self":[{"href":"https:\/\/bambapolitica.com.mx\/index.php\/wp-json\/wp\/v2\/posts\/23703","targetHints":{"allow":["GET"]}}],"collection":[{"href":"https:\/\/bambapolitica.com.mx\/index.php\/wp-json\/wp\/v2\/posts"}],"about":[{"href":"https:\/\/bambapolitica.com.mx\/index.php\/wp-json\/wp\/v2\/types\/post"}],"author":[{"embeddable":true,"href":"https:\/\/bambapolitica.com.mx\/index.php\/wp-json\/wp\/v2\/users\/4"}],"replies":[{"embeddable":true,"href":"https:\/\/bambapolitica.com.mx\/index.php\/wp-json\/wp\/v2\/comments?post=23703"}],"version-history":[{"count":1,"href":"https:\/\/bambapolitica.com.mx\/index.php\/wp-json\/wp\/v2\/posts\/23703\/revisions"}],"predecessor-version":[{"id":23708,"href":"https:\/\/bambapolitica.com.mx\/index.php\/wp-json\/wp\/v2\/posts\/23703\/revisions\/23708"}],"wp:attachment":[{"href":"https:\/\/bambapolitica.com.mx\/index.php\/wp-json\/wp\/v2\/media?parent=23703"}],"wp:term":[{"taxonomy":"category","embeddable":true,"href":"https:\/\/bambapolitica.com.mx\/index.php\/wp-json\/wp\/v2\/categories?post=23703"},{"taxonomy":"post_tag","embeddable":true,"href":"https:\/\/bambapolitica.com.mx\/index.php\/wp-json\/wp\/v2\/tags?post=23703"}],"curies":[{"name":"wp","href":"https:\/\/api.w.org\/{rel}","templated":true}]}}