{"id":23764,"date":"2021-05-17T06:37:50","date_gmt":"2021-05-17T12:37:50","guid":{"rendered":"http:\/\/bambapolitica.com.mx\/?p=23764"},"modified":"2021-05-17T06:37:52","modified_gmt":"2021-05-17T12:37:52","slug":"javier-camarena-pozos-triunfador-mundial-del-2021-en-la-opera","status":"publish","type":"post","link":"https:\/\/bambapolitica.com.mx\/index.php\/2021\/05\/17\/javier-camarena-pozos-triunfador-mundial-del-2021-en-la-opera\/","title":{"rendered":"Javier Camarena Pozos, triunfador mundial del 2021, en la \u00f3pera"},"content":{"rendered":"\n<p class=\"has-medium-font-size\">\u00c1ngel Rafael Mart\u00ednez Alarc\u00f3n<\/p>\n\n\n\n<p class=\"has-medium-font-size\">En los \u00faltimos tres a\u00f1os y medio, la ciudad de Xalapa se ha marchitado. <\/p>\n\n\n\n<p class=\"has-drop-cap has-medium-font-size\">Un creciente n\u00famero de desapariciones, feminicidios, baches, abandono total del sistema fluvial, al menor aguacero, las colonias bajas sufren las consecuencias de las inundaciones, cada vez m\u00e1s vemos indigentes de todas las edades por nuestras calles. Ya no digamos la inseguridad a todas horas en todas partes.<\/p>\n\n\n\n<p class=\"has-medium-font-size\">Los tres \u00f3rdenes de gobierno han abandonado la capital del Estado de Veracruz. Somos de los primeros lugares de covid-19 en Veracruz. Esos s\u00ed destaca al ayuntamiento en regresar recursos econ\u00f3micos etiquetados para la ciudad, a la federaci\u00f3n para contribuir indirectamente a las obras fara\u00f3nicas del dictador: Dos Bocas, el Tren Maya, El aeropuerto internacional \u201c Felipe \u00c1ngeles\u201d<\/p>\n\n\n\n<p class=\"has-medium-font-size\">Por fin una nota internacional positiva que relaciona a nuestra ciudad, el tenor Javier Camarena, nacido en esta ciudad, el 26 de marzo de 1976, hace 45 a\u00f1os; hijo de Javier Camarena y Yolanda Pozos. Quien en los \u00faltimos a\u00f1os en carrera como cantante de \u00f3pera, ha conquistado los teatros m\u00e1s importantes del mundo, con su bello canto. Ha sido ovacionado, desde Nueva York hasta Mosc\u00fa, pasando por Londres, Madrid y Par\u00eds, por citar a las presentaciones donde el p\u00fablico conocer de la \u00f3pera, lo han homenajeado. La prensa especializada a nivel internacional ha recogido dichos testimonios, en extensas notas.<\/p>\n\n\n\n<p class=\"has-medium-font-size\">El pasado 10 de mayo del presente a\u00f1o, Javier Camera, ha recibido otro reconocimiento m\u00e1s a nivel internacional; el premio como el mejor cantante masculino en el regl\u00f3n de la \u00f3pera: International Opera Awards. En todos los medios de comunicaci\u00f3n tradicionales y en las redes sociales, han dejado de comentar y felicitar al xalape\u00f1o universal, y los \u00f3rdenes de gobierno estatal y municipal, ignoraron el premio para el xalape\u00f1o de Camarena. Resta felicitar al amigo, y desearle todos los \u00e9xitos en el mundo de la opera. <\/p>\n\n\n\n<p class=\"has-medium-font-size\"><strong><em>Y agradecerle de ser el embajador de la ciudad que lo vio nacer.<\/em><\/strong><\/p>\n\n\n\n<p class=\"has-medium-font-size\">Martin Wheeler de la revista Opera News public\u00f3: La actuaci\u00f3n de Javier Camarena fue incandescente. Su maravillosa interpretaci\u00f3n del aria de Ramiro en el segundo acto fue un impresionante Tour-de-force, al final del cual el p\u00fablico irrumpi\u00f3 en aplausos en una ovaci\u00f3n de pie, con gritos, aclamaciones y golpeando el piso con los pies, ampliamente merecidos. Camarena, no hace trucos. Su agilidad vocal es fascinante, con cada nota colocada en su centro. <\/p>\n\n\n\n<p class=\"has-medium-font-size\">La belleza de su voz nunca lo abandona, y el fraseo de su l\u00ednea de canto es el de un verdadero m\u00fasico. Su pian\u00edsimo filado en el d\u00fao del primer acto con Cenerentola fue de una belleza que conmovi\u00f3 a las l\u00e1grimas. Sumado a todo lo anterior, Camarena es un actor natural; proyect\u00f3 deleite, ira, proteccionismo y determinaci\u00f3n con convicci\u00f3n. Su inolvidable actuaci\u00f3n ser\u00e1 una memoria atesorada, de una gloriosa Cenerentola, concluy\u00f3 Wheeler.<\/p>\n\n\n\n<p class=\"has-medium-font-size\">Javier Camera, se le recuerda en sus a\u00f1os juveniles en los coros de la Iglesia Cat\u00f3lica Apost\u00f3lica y Romana.<\/p>\n\n\n\n<p class=\"has-medium-font-size\">Sus primeros pasos en la cantada. Luego sus estudios en la Universidad Veracruzana. Y finalmente tuvo que salir de su ciudad, para continuar su formaci\u00f3n, y ser exitosos.<br>La comuna municipal encabezada por Americo Z\u00fa\u00f1iga Martinez, 2013-2017, y por acuerdo de cabildo se crea la medalla al m\u00e9rito, Sebasti\u00e1n Lerdo de Tejada, para reconocer a los xalape\u00f1os que se hayan distinguido, en su disciplina. Siendo Javier Camerena, el primero en recibirla, en sesi\u00f3n solemne de Cabildo, en el Patio Central del Palalcio Municipal de Xalapa de Enriquez, el tres de julio de 2014, en el d\u00e9cimo aniversario de la carrera art\u00edstica de Camarena Pozos. <\/p>\n\n\n\n<p class=\"has-medium-font-size\"><br>Al t\u00e9rmino del homenaje hubo un brindis de honor, y al d\u00eda siguiente Javier Camarena, ofreci\u00f3 un concierto de gala, en la nueva sede de la Orquesta Sinf\u00f3nica de Xalapa, la Sala Tlaqn\u00e1. Con la presencia del mismo don Rafael Tovar de Teresa, (1954-2016), Secretario de Cultura del Gobierno de la Rep\u00fablica.<\/p>\n\n\n\n<figure class=\"wp-block-embed-youtube wp-block-embed is-type-video is-provider-youtube wp-embed-aspect-4-3 wp-has-aspect-ratio\"><div class=\"wp-block-embed__wrapper\">\n<iframe loading=\"lazy\" title=\"Gala de \u00d3pera  Javier Camarena. 10 a\u00f1os de carrera art\u00edstica. Sala Tlaqn\u00e1. UV 4-VII-2014\" width=\"640\" height=\"480\" src=\"https:\/\/www.youtube.com\/embed\/gVkSHkt4bTY?feature=oembed\" frameborder=\"0\" allow=\"accelerometer; autoplay; clipboard-write; encrypted-media; gyroscope; picture-in-picture; web-share\" referrerpolicy=\"strict-origin-when-cross-origin\" allowfullscreen><\/iframe>\n<\/div><\/figure>\n\n\n\n<p class=\"has-medium-font-size\">Hace una decada escrib\u00ed: Gracias a las grandes destrezas de Lilia Ortega Trapaga, logr\u00f3 que el mi\u00e9rcoles 11 de febrero del \u2026, reunir a los integrantes del coro de misa de doce de la parroqu\u00eda de Maria Madre, formado en los a\u00f1os ochentas del siglo XX; una de las iglesias modernas de la arquidiocesis de Xalapa, en tiempos del III arzobispo de Xalapa, don Sergio Obeso Rivera, se consagr\u00f3 dicho templo, el fraccionamiento.<\/p>\n\n\n\n<p class=\"has-medium-font-size\">El coro recibi\u00f3 a uno de los integrantes m\u00e1s famoso mundialmente, el tenor Javier Camarena; quien cumpli\u00f3 diez a\u00f1os de cantante profesional de opera, y ha conquistado los mayores reconocimientos a nivel mundial en la opera. Javier es una historia de \u00e9xito, como muchos grandes cantantes de fama mundial, que sus or\u00edgenes musicales fueron en los coros de las iglesias, como siempre las iglesias cumpliendo un labor formativa para su j\u00f3venes.<\/p>\n\n\n\n<p class=\"has-medium-font-size\">Javier Camarena, como siempre con su sonrisa a piel de flor, sencillo, lleg\u00f3 al hist\u00f3rico templo de San Jos\u00e9, el primero levantado en Xalapa en la segunda mitad del XVI; llegando puntual a la cita con sus amigos del coro, una tarde invernal xalape\u00f1a, con neblina, fr\u00edo y un poco de chipi-chipi. Los amigos de siempre se saludaron con el coraz\u00f3n, un recuento de muchas historias\u2026<\/p>\n\n\n\n<p><\/p>\n","protected":false},"excerpt":{"rendered":"<p>\u00c1ngel Rafael Mart\u00ednez Alarc\u00f3n En los \u00faltimos tres a\u00f1os y medio, la ciudad de Xalapa&#8230;<\/p>\n","protected":false},"author":4,"featured_media":0,"comment_status":"closed","ping_status":"closed","sticky":false,"template":"","format":"standard","meta":{"footnotes":""},"categories":[4],"tags":[],"class_list":["post-23764","post","type-post","status-publish","format-standard","hentry","category-noticias-del-dia"],"_links":{"self":[{"href":"https:\/\/bambapolitica.com.mx\/index.php\/wp-json\/wp\/v2\/posts\/23764","targetHints":{"allow":["GET"]}}],"collection":[{"href":"https:\/\/bambapolitica.com.mx\/index.php\/wp-json\/wp\/v2\/posts"}],"about":[{"href":"https:\/\/bambapolitica.com.mx\/index.php\/wp-json\/wp\/v2\/types\/post"}],"author":[{"embeddable":true,"href":"https:\/\/bambapolitica.com.mx\/index.php\/wp-json\/wp\/v2\/users\/4"}],"replies":[{"embeddable":true,"href":"https:\/\/bambapolitica.com.mx\/index.php\/wp-json\/wp\/v2\/comments?post=23764"}],"version-history":[{"count":1,"href":"https:\/\/bambapolitica.com.mx\/index.php\/wp-json\/wp\/v2\/posts\/23764\/revisions"}],"predecessor-version":[{"id":23766,"href":"https:\/\/bambapolitica.com.mx\/index.php\/wp-json\/wp\/v2\/posts\/23764\/revisions\/23766"}],"wp:attachment":[{"href":"https:\/\/bambapolitica.com.mx\/index.php\/wp-json\/wp\/v2\/media?parent=23764"}],"wp:term":[{"taxonomy":"category","embeddable":true,"href":"https:\/\/bambapolitica.com.mx\/index.php\/wp-json\/wp\/v2\/categories?post=23764"},{"taxonomy":"post_tag","embeddable":true,"href":"https:\/\/bambapolitica.com.mx\/index.php\/wp-json\/wp\/v2\/tags?post=23764"}],"curies":[{"name":"wp","href":"https:\/\/api.w.org\/{rel}","templated":true}]}}