{"id":23816,"date":"2021-05-17T10:08:29","date_gmt":"2021-05-17T16:08:29","guid":{"rendered":"http:\/\/bambapolitica.com.mx\/?p=23816"},"modified":"2021-05-17T12:24:18","modified_gmt":"2021-05-17T18:24:18","slug":"maestro-de-vida","status":"publish","type":"post","link":"https:\/\/bambapolitica.com.mx\/index.php\/2021\/05\/17\/maestro-de-vida\/","title":{"rendered":"MAESTRO DE VIDA"},"content":{"rendered":"\n<p class=\"has-medium-font-size\"><strong>RAZ\u00d3N, TES\u00d3N Y CORAZ\u00d3N<\/strong><strong><\/strong><\/p>\n\n\n\n<p class=\"has-medium-font-size\"><strong>\u201c\u00a1Ense\u00f1ar es un ejercicio de inmortalidad!\u201d <\/strong>(Rub\u00e9n Alves)<\/p>\n\n\n\n<p class=\"has-medium-font-size\">Si algo tienen los padres de especial, es que pueden asumir diversos roles durante nuestra formaci\u00f3n. Son dadores de amor, magos, superh\u00e9roes y, entre muchos otros, maestros.<\/p>\n\n\n\n<p class=\"has-medium-font-size\">Tienen el conocimiento para ense\u00f1ar, la paciencia para educar, el amor para compartir, la sensibilidad para encontrar el mejor modo de que entendamos y la disciplina marcial para mostrarnos el camino a pesar de las comodidades.<\/p>\n\n\n\n<p class=\"has-medium-font-size\">Sin duda, es tanto lo que podemos aprender de ellos durante el tiempo que est\u00e1n con su presencia ante nosotros, que saben prepararnos para cuando su ausencia llegue.<\/p>\n\n\n\n<p class=\"has-medium-font-size\"><strong><em>\u00bfA\u00fan aplicas las ense\u00f1anzas de tus padres?<\/em><\/strong><\/p>\n\n\n\n<p class=\"has-medium-font-size\"><strong>\u201c\u00a1Estoy en deuda con mi padre por vivir, pero con mi maestro por vivir bien!\u201d <\/strong>(Alejandro Magno)<\/p>\n\n\n\n<p class=\"has-medium-font-size\">Y conforme pasan los d\u00edas y salimos del n\u00facleo familiar, conocemos personas que por su trato, conocimiento y ejemplo se convierten en especiales; a tal grado, que quiz\u00e1s, sin propon\u00e9rselo y sin saberlo, los convertimos en maestros de vida.<\/p>\n\n\n\n<p class=\"has-medium-font-size\">\u00c9stos pueden o no coincidir con nuestros padres o profesores de escuela, pero es tal lo que nos muestran que los llevamos por siempre en una parte de nuestra alma.<\/p>\n\n\n\n<p class=\"has-medium-font-size\">Realmente sus m\u00e9todos de ense\u00f1anza no ser\u00e1n los ortodoxos o convencionales, pero son tales sus palabras, hechos o la combinaci\u00f3n de ambos, los que los llevan a ser tomados en cuenta por nosotros en nuestro pensar y actuar.<\/p>\n\n\n\n<p class=\"has-medium-font-size\">Alguien que te brinda la oportunidad de reflexionar para construir la mejor versi\u00f3n de ti, sin duda merece tu agradecimiento.<strong><em> \u00bfReconoces a quien es especial en tu andar?<\/em><\/strong><\/p>\n\n\n\n<p class=\"has-medium-font-size\"><strong>\u201c\u00a1La educaci\u00f3n no es llenar un cubo, sino encender un fuego!\u201d <\/strong>(William Butler Yeats)<\/p>\n\n\n\n<p class=\"has-medium-font-size\">Menci\u00f3n aparte merecen aquellas personas que se incorporan a la ense\u00f1anza por amor, vocaci\u00f3n y respeto a la verdad; cuyo compromiso es participar en la formaci\u00f3n de personas con conocimientos y valores. <strong><em>\u00a1Su labor tendr\u00e1 un valor infinito!<\/em><\/strong><\/p>\n\n\n\n<p class=\"has-medium-font-size\">En nuestra vida podremos tener muchos educadores, pero s\u00f3lo unos cuantos maestros. Realmente, siempre he admirado a las personas que participan de la educaci\u00f3n formal con el ideal de ser maestros; comprometi\u00e9ndose no s\u00f3lo en lo profesional sino en lo personal. Que grato es para cualquier persona que siendo alumno su profesor le comparta lo mejor de \u00e9l, pero es doblemente meritorio que, sin tener un v\u00ednculo formal, la comunicaci\u00f3n siempre fluya para brindar elementos que permitan la formaci\u00f3n de seres de valor.<\/p>\n\n\n\n<p class=\"has-medium-font-size\"><strong><em>\u00bfEn tu vida conociste profesores que fueran tambi\u00e9n tus maestros de vida?<\/em><\/strong><\/p>\n\n\n\n<p class=\"has-medium-font-size\"><strong>\u201cEn todo hombre hay algo que puedo aprender y de lo que puedo ser su pupilo.\u201d <\/strong>(Ralph Waldo Emerson)<\/p>\n\n\n\n<p class=\"has-medium-font-size\">La vida es sabia y siempre nos pone en situaciones y con personas que podemos no entender, pero de las cuales tenemos opciones de aprender. Sean cosas positivas o negativas, est\u00e1 en nosotros la opci\u00f3n de conocerlas, analizarlas y tomar de ellas lo mejor para edificar y consolidar a la persona que queremos ser.<\/p>\n\n\n\n<p class=\"has-medium-font-size\">Ll\u00e1mense coincidencias o como muchos llaman \u201cDiosidencias\u201d por pensar que su acontecer es por una disposici\u00f3n divina, que hay momentos en los cuales, sin importar su duraci\u00f3n o resultado, son tan especiales que sus repercusiones pueden estar con nosotros toda una vida y se convierten en una parte medular de nuestro ser.<\/p>\n\n\n\n<p class=\"has-medium-font-size\">En otro sentido, hay etapas, acciones o personas que lejos de favorecer nuestra vida, nos incomodan; sin embargo, en nosotros est\u00e1 convertirlas en algo favorable, ya que, si sabemos sus causas y consecuencias, podremos evitarlas y con ello, no lastimarnos o afectar a terceros.<\/p>\n\n\n\n<p class=\"has-medium-font-size\"><strong><em>En tu vida \u2026 \u00bfhas aprendido m\u00e1s de los momentos buenos o malos?<\/em><\/strong><\/p>\n\n\n\n<p class=\"has-medium-font-size\"><strong>\u201cEl principio de la educaci\u00f3n es predicar con el ejemplo.\u201d <\/strong>(Turgot)<strong><\/strong><\/p>\n\n\n\n<p class=\"has-medium-font-size\">Con todos los logros y tropiezos que hemos tenido en el camino sabemos distinguir entre lo bueno y lo malo; as\u00ed como las consecuencias de ello. En lo profesional, buscamos lo mejor pensando en nuestro presente para disfrutar en el futuro y como personas puede que no sea tan f\u00e1cil precisarlo, aunque sin duda un rasgo de madurez ser\u00e1 saber lo que no queremos y lo evitemos hasta en tanto definamos lo que si queremos y como lograrlo.<\/p>\n\n\n\n<p class=\"has-medium-font-size\">En fin, con ese c\u00famulo de conocimientos y vivencias, sabemos que no hay nada como la congruencia; es decir, la relaci\u00f3n l\u00f3gica y coherente entre lo que hacemos y decimos.<\/p>\n\n\n\n<p class=\"has-medium-font-size\">Para quienes est\u00e1n en nuestro entorno, entender\u00e1n la fortaleza de nuestras palabras con las acciones que correspondan y sabr\u00e1n que los respetamos porque nosotros vivimos as\u00ed; de m\u00e1s est\u00e1 comportarse como ciertos pol\u00edticos que hablan de honradez y no muestran la procedencia de su patrimonio; de ciertas figuras p\u00fablicas que dicen vivir en armon\u00eda y se la pasan provocando esc\u00e1ndalos o de las personas tan comunes y corrientes que se pierden en sus fantas\u00edas u obsesiones. <strong><em>Y t\u00fa \u2026 \u00bferes congruente?<\/em><\/strong><\/p>\n\n\n\n<p class=\"has-medium-font-size\"><strong>\u201cCuando aprendes, ense\u00f1a. Cuando recibes, da.\u201d <\/strong>(Maya Angelou)<\/p>\n\n\n\n<p class=\"has-medium-font-size\">Lo mucho o poco que hemos aprendido durante la vida es nuestro logro y compartirlo con el resto es un acto de amor hacia lo que somos y hacia quienes est\u00e1n a nuestro lado. La humildad con que lo hagamos ser\u00e1 muestra de la gratitud para quienes a su vez nos mostraron su valor; la soberbia est\u00e1 de m\u00e1s cuando vives por amor a ti y a tus convicciones.<\/p>\n\n\n\n<p class=\"has-medium-font-size\">La reciprocidad en nuestra vida es un elemento que nos engrandece; si aprendes algo positivo, mu\u00e9stralo con tus acciones, si es negativo, con tus omisiones.<\/p>\n\n\n\n<p class=\"has-medium-font-size\">De tal manera que, habr\u00e1 un momento que alguien te mostrar\u00e1 la utilidad de tus ense\u00f1anzas en su vida y ello te provocar\u00e1 orgullo y alimentar\u00e1 tu alma.<\/p>\n\n\n\n<p class=\"has-medium-font-size\">Tambi\u00e9n hay que tener en cuenta que no todas las personas mostrar\u00e1n su agradecimiento por las ense\u00f1anzas y, desafortunadamente, otras que pese a recibirlas, mostrar\u00e1n una actitud contraria e incluso, pretender\u00e1n da\u00f1arte, cumpliendo al pie de la letra esa expresi\u00f3n de \u201cmorder la mano que te da de comer\u201d. Ante ello, bastar\u00e1 pensar que eso es una ense\u00f1anza y continuar viviendo acorde a tus convicciones.<\/p>\n\n\n\n<p class=\"has-medium-font-size\">Si siempre hemos sabido que cuando el alumno est\u00e1 listo, el maestro se hace presente \u2026 <strong><em>\u00bfc\u00f3mo definir\u00edas este momento en tu vida?<\/em><\/strong><\/p>\n\n\n\n<p class=\"has-medium-font-size\"><strong>\u201cEnse\u00f1a a los ni\u00f1os para que no sea necesario castigar a los adultos.\u201d <\/strong>(Abraham Lincoln)<strong><\/strong><\/p>\n\n\n\n<p class=\"has-medium-font-size\">En las antiguas comunidades era tal la veneraci\u00f3n al conocimiento de los ancianos que su decisi\u00f3n era la acci\u00f3n para realizar; es decir, ellos eran vistos como maestros y el resto eran sus alumnos. En alg\u00fan momento se perdi\u00f3 esta posici\u00f3n, pero por l\u00f3gica de vida, sabemos que siempre ser\u00e1 sensato escuchar la voz de alguien mayor y tomarlo en cuenta como un factor en nuestra toma de decisiones.<\/p>\n\n\n\n<p class=\"has-medium-font-size\">En ese sentido, nunca olvides que si a tu vida llega alguien respecto del cual tengas una posici\u00f3n de influencia, siempre tendr\u00e1s la responsabilidad moral y humana de mostrarle el camino a seguir para su crecimiento, en especial si es menor que t\u00fa. Omitir actuar ante ello, seguramente tendr\u00e1 consecuencias que no s\u00f3lo la sociedad sancionar\u00e1, si no que t\u00fa nunca dejar\u00e1s de reprocharte. <strong><em>\u00a1Si puedes ense\u00f1ar \u2026 hazlo, si puedes lastimar \u2026 ev\u00edtalo!<\/em><\/strong><\/p>\n\n\n\n<p class=\"has-medium-font-size\"><strong>\u201cEducar no es dar carrera para vivir, sino templar el alma para las dificultades de la vida.\u201d <\/strong>(Pit\u00e1goras)<\/p>\n\n\n\n<p class=\"has-medium-font-size\">Entender que no s\u00f3lo los educadores son profesores y hacerlo extensivo a la gente que por su conocimiento, experiencias y ejemplo nos pueden aportar elementos para ser las mejores versiones de nosotros, nos llevar\u00e1 a comprender la responsabilidad que tenemos con nuestro entorno y en especial, con quienes amamos.<\/p>\n\n\n\n<p class=\"has-medium-font-size\">Mostrarnos con respeto y tratar por igual a quienes nos rodean, sin justificar lastimarnos ni tolerar violencia alguna har\u00e1 que entendamos que la educaci\u00f3n no crea a las personas, sino que es un ingrediente de suma importancia para crear a la persona que se desea ser.<\/p>\n\n\n\n<p class=\"has-medium-font-size\">La nobleza del maestro de vida se muestra cuando con sus hechos y dichos expone que el valor del conocimiento es el compartirse y que vale m\u00e1s vivir conforme a \u00e9stos que dedicar una vida a su estudio.<\/p>\n\n\n\n<p class=\"has-medium-font-size\"><strong>\u201cEl buen maestro hace que el mal estudiante se convierta en bueno y el buen estudiante en superior.\u201d <\/strong>(Maruja Tresso)<strong><\/strong><\/p>\n\n\n\n<p class=\"has-medium-font-size\">Piensa por un momento en lo que has vivido y analiza si has tenido la fortuna de que hayas influido en otras personas. Si es as\u00ed, excelente, contin\u00faa aportando elementos que construyan gente de valor. De no ser as\u00ed, descubre cuales han sido las causas y trabaja en ellas. No est\u00e1 de m\u00e1s enriquecer la vida de otro con tu apoyo.<\/p>\n\n\n\n<p class=\"has-medium-font-size\">Despertar la curiosidad de otros y mostrar las ventajas de vivir la vida a tu manera y con tus conocimientos es trascender. Agradece la oportunidad que se te da.<\/p>\n\n\n\n<p class=\"has-medium-font-size\">Al final de tus d\u00edas, ver\u00e1s en retrospectiva tus acciones y si tocaste algunas almas; de ser as\u00ed, cuando t\u00fa partas de este mundo, har\u00e1n que parte de ti se quede en sus vivencias y conocimientos y sin duda, <strong><em>lo har\u00e1n honr\u00e1ndote como su maestro de vida<\/em><\/strong>.<\/p>\n\n\n\n<p class=\"has-medium-font-size\">En fin, quiz\u00e1s sea oportuno reflexionar y reconocer que siempre habr\u00e1 momentos determinantes que compartas con otras personas: <strong><em>\u00bfCREES QUE EST\u00c1S DEJANDO HUELLAS EN TU ANDAR?<\/em><\/strong><\/p>\n\n\n\n<p class=\"has-medium-font-size\">Facebook: @RuizRoblesCP22<\/p>\n\n\n\n<p class=\"has-medium-font-size\">Twitter: @22Publica<\/p>\n\n\n\n<p class=\"has-medium-font-size\">Linkedin: Corredur\u00eda P\u00fablica 22<\/p>\n\n\n\n<h3 class=\"wp-block-heading\"><strong>&nbsp;<\/strong><\/h3>\n\n\n\n<p class=\"has-medium-font-size\"><strong>Posdata: <\/strong>\u201cDar amor constituye en s\u00ed dar educaci\u00f3n\u201d (Eleanor Roosevelt)<\/p>\n","protected":false},"excerpt":{"rendered":"<p>RAZ\u00d3N, TES\u00d3N Y CORAZ\u00d3N \u201c\u00a1Ense\u00f1ar es un ejercicio de inmortalidad!\u201d (Rub\u00e9n Alves) Si algo tienen&#8230;<\/p>\n","protected":false},"author":4,"featured_media":0,"comment_status":"closed","ping_status":"closed","sticky":false,"template":"","format":"standard","meta":{"footnotes":""},"categories":[4],"tags":[],"class_list":["post-23816","post","type-post","status-publish","format-standard","hentry","category-noticias-del-dia"],"_links":{"self":[{"href":"https:\/\/bambapolitica.com.mx\/index.php\/wp-json\/wp\/v2\/posts\/23816","targetHints":{"allow":["GET"]}}],"collection":[{"href":"https:\/\/bambapolitica.com.mx\/index.php\/wp-json\/wp\/v2\/posts"}],"about":[{"href":"https:\/\/bambapolitica.com.mx\/index.php\/wp-json\/wp\/v2\/types\/post"}],"author":[{"embeddable":true,"href":"https:\/\/bambapolitica.com.mx\/index.php\/wp-json\/wp\/v2\/users\/4"}],"replies":[{"embeddable":true,"href":"https:\/\/bambapolitica.com.mx\/index.php\/wp-json\/wp\/v2\/comments?post=23816"}],"version-history":[{"count":2,"href":"https:\/\/bambapolitica.com.mx\/index.php\/wp-json\/wp\/v2\/posts\/23816\/revisions"}],"predecessor-version":[{"id":23866,"href":"https:\/\/bambapolitica.com.mx\/index.php\/wp-json\/wp\/v2\/posts\/23816\/revisions\/23866"}],"wp:attachment":[{"href":"https:\/\/bambapolitica.com.mx\/index.php\/wp-json\/wp\/v2\/media?parent=23816"}],"wp:term":[{"taxonomy":"category","embeddable":true,"href":"https:\/\/bambapolitica.com.mx\/index.php\/wp-json\/wp\/v2\/categories?post=23816"},{"taxonomy":"post_tag","embeddable":true,"href":"https:\/\/bambapolitica.com.mx\/index.php\/wp-json\/wp\/v2\/tags?post=23816"}],"curies":[{"name":"wp","href":"https:\/\/api.w.org\/{rel}","templated":true}]}}