{"id":23928,"date":"2021-05-18T09:19:35","date_gmt":"2021-05-18T15:19:35","guid":{"rendered":"http:\/\/bambapolitica.com.mx\/?p=23928"},"modified":"2021-05-18T09:19:38","modified_gmt":"2021-05-18T15:19:38","slug":"propone-la-cidhpda-crear-el-fondo-economico-integral-de-emergencia-para-las-victimas","status":"publish","type":"post","link":"https:\/\/bambapolitica.com.mx\/index.php\/2021\/05\/18\/propone-la-cidhpda-crear-el-fondo-economico-integral-de-emergencia-para-las-victimas\/","title":{"rendered":"Propone la CIDHPDA crear el Fondo Econ\u00f3mico Integral de Emergencia para las V\u00edctimas"},"content":{"rendered":"\n<p class=\"has-medium-font-size\">A trav\u00e9s de una carta dirigida a V\u00edctor Hugo Lobo, Presidente de la Junta de Coordinaci\u00f3n Pol\u00edtica del Congreso de la Ciudad de M\u00e9xico, el organismo Internacional exhort\u00f3 a los partidos pol\u00edticos darle agilidad la entrega de recursos para los afectados.<\/p>\n\n\n\n<p class=\"has-medium-font-size\">V\u00edctor Hugo Guti\u00e9rrez, Comisionado para Am\u00e9rica Latina y el Caribe de la Comisi\u00f3n Iberoamericana de Derechos Humanos para Desarrollo de las Am\u00e9ricas (CIDHPDA), propuso a todos los partidos pol\u00edticos representados en el Congreso de la Ciudad de M\u00e9xico la creaci\u00f3n del Fondo Integral de Emergencia para las V\u00edctimas de la L\u00ednea 12.<\/p>\n\n\n\n<p class=\"has-medium-font-size\">A trav\u00e9s de un oficio, dirigido a V\u00edctor Hugo Lobo, Presidente de la Junta de Coordinaci\u00f3n Pol\u00edtica del Congreso de la CDMX, Guti\u00e9rrez Y\u00e1\u00f1ez dijo que la idea es terminar con la dilaci\u00f3n que se viene ejerciendo en la atenci\u00f3n de salud que est\u00e1n padeciendo los sobrevivientes de la L\u00ednea 12 del Metro.<\/p>\n\n\n\n<p class=\"has-medium-font-size\">Les propuso a los legisladores que propongan un Punto de Acuerdo a fin de que l Comisi\u00f3n de Derechos Humanos de la CDMX fije su postura por los lamentables acontecimientos del pasado 3 de mayo en la estaci\u00f3n Olivas de la l\u00ednea dorada.<\/p>\n\n\n\n<p class=\"has-medium-font-size\">Adem\u00e1s, pidi\u00f3 la comparecencia de la directora del Metro, Florencia Serran\u00eda para que explique las causas de la tragedia que dej\u00f3 un saldo de 26 Muertos y m\u00e1s de 90 heridos.<\/p>\n","protected":false},"excerpt":{"rendered":"<p>A trav\u00e9s de una carta dirigida a V\u00edctor Hugo Lobo, Presidente de la Junta de&#8230;<\/p>\n","protected":false},"author":4,"featured_media":0,"comment_status":"closed","ping_status":"closed","sticky":false,"template":"","format":"standard","meta":{"footnotes":""},"categories":[4],"tags":[],"class_list":["post-23928","post","type-post","status-publish","format-standard","hentry","category-noticias-del-dia"],"_links":{"self":[{"href":"https:\/\/bambapolitica.com.mx\/index.php\/wp-json\/wp\/v2\/posts\/23928","targetHints":{"allow":["GET"]}}],"collection":[{"href":"https:\/\/bambapolitica.com.mx\/index.php\/wp-json\/wp\/v2\/posts"}],"about":[{"href":"https:\/\/bambapolitica.com.mx\/index.php\/wp-json\/wp\/v2\/types\/post"}],"author":[{"embeddable":true,"href":"https:\/\/bambapolitica.com.mx\/index.php\/wp-json\/wp\/v2\/users\/4"}],"replies":[{"embeddable":true,"href":"https:\/\/bambapolitica.com.mx\/index.php\/wp-json\/wp\/v2\/comments?post=23928"}],"version-history":[{"count":1,"href":"https:\/\/bambapolitica.com.mx\/index.php\/wp-json\/wp\/v2\/posts\/23928\/revisions"}],"predecessor-version":[{"id":23931,"href":"https:\/\/bambapolitica.com.mx\/index.php\/wp-json\/wp\/v2\/posts\/23928\/revisions\/23931"}],"wp:attachment":[{"href":"https:\/\/bambapolitica.com.mx\/index.php\/wp-json\/wp\/v2\/media?parent=23928"}],"wp:term":[{"taxonomy":"category","embeddable":true,"href":"https:\/\/bambapolitica.com.mx\/index.php\/wp-json\/wp\/v2\/categories?post=23928"},{"taxonomy":"post_tag","embeddable":true,"href":"https:\/\/bambapolitica.com.mx\/index.php\/wp-json\/wp\/v2\/tags?post=23928"}],"curies":[{"name":"wp","href":"https:\/\/api.w.org\/{rel}","templated":true}]}}